{"id":9,"date":"2023-11-28T16:56:56","date_gmt":"2023-11-28T16:56:56","guid":{"rendered":"https:\/\/serelda.daliisolutions.com\/index.php\/2023\/11\/28\/los-santos-patronos-de-elda-saldran-a-las-calles-por-el-25-aniversario-de-la-parroquia-de-san-pascual\/"},"modified":"2023-11-28T16:56:56","modified_gmt":"2023-11-28T16:56:56","slug":"los-santos-patronos-de-elda-saldran-a-las-calles-por-el-25-aniversario-de-la-parroquia-de-san-pascual","status":"publish","type":"post","link":"https:\/\/serelda.daliisolutions.com\/index.php\/2023\/11\/28\/los-santos-patronos-de-elda-saldran-a-las-calles-por-el-25-aniversario-de-la-parroquia-de-san-pascual\/","title":{"rendered":"Los Santos Patronos de Elda saldr\u00e1n a las calles por el 25 aniversario de la parroquia de San Pascual"},"content":{"rendered":" Elda  Son pocas las ocasiones excepcionales en las que la Virgen de la Salud y el Cristo del Buen Suceso, Santos Patronos de <a href=\"\/\/elda.es\" rel=\"nofollow noopener\" target=\"_blank\"><b>Elda<\/b><\/a>, salen a las calles sin ser su fecha habitual. Pero el domingo 10 de diciembre dejar\u00e1n la parroquia de Santa Ana alrededor de las 16.30 h para llegar hasta la parroquia de San Pascual. Regresar\u00e1n una semana despu\u00e9s, el 17 de diciembre, en una procesi\u00f3n que iniciar\u00e1 aproximadamente a la misma hora.  Este recorrido se produce por el 25 aniversario de la parroquia de San Pascual. Por ello, cada d\u00eda de esa semana habr\u00e1 actividades dentro de la parroquia: desde charlas hasta exposiciones o m\u00fasica. Desde la <a href=\"https:\/\/www.facebook.com\/fiestasmayoreselda\/?locale=es_ES\" rel=\"nofollow noopener\" target=\"_blank\"><b>Cofrad\u00eda de los Santos Patronos<\/b><\/a><b> <\/b>se ha animado a contar con todos los colectivos de la ciudad y participar de alguna forma en esta semana tan especial.  El presidente de la Cofrad\u00eda de los Santos Patronos, Ram\u00f3n Gonz\u00e1lez, ha explicado que \u00abLos Santos Patronos van a hacer acto de presencia en una celebraci\u00f3n que comenz\u00f3 el 1 de enero, con la visita del obispo, y que se mantendr\u00e1n durante todo el a\u00f1o\u00bb. Adem\u00e1s, ha adelantado que una de las actividades que se llevar\u00e1n a cabo ser\u00e1 una lectura de un manifiesto por la paz.  <div><div id=\"player-1701093692819\" class=\"c-pl-a pl-n\"><button class=\"bt-pp\" data-audioid=\"1701093692819\" data-type=\"aod\" data-description=\"Los Santos Patronos de Elda abandonar\u00e1n la parroquia de Santa Ana el 10 de diciembre para quedarse en la de San Pascual hasta el 17 de diciembre, d\u00eda en el que se realizar\u00e1 el camino de vuelta\">Play\/Pause<\/button><div class=\"opc\"><p class=\"tit\"><span>Ram\u00f3n Gonz\u00e1lez, presidente de la Cofrad\u00eda de los Santos Patronos, sobre el 25 aniversario de la parroquia de San Pascual<\/span><\/p><p class=\"tim\">00:57<\/p><button class=\"bt-op\">Mostrar Opciones<\/button><span class=\"pl-pr\"><\/span><\/div><div class=\"c-op\"><button>Cerrar<\/button><div><ul><li><a href=\"https:\/\/prisa-es.mc.tritondigital.com\/RADIO_ELDA_CADENASER_718_P\/media\/playser\/multimedia\/202311\/27\/1701093692819_1701093744_audio_128.mp3?dist=cadenaser-web-tfp-permanente&amp;csegid=22000&amp;dl=1\" class=\"bt-dw\">Descargar<\/a><\/li><li><button class=\"bt-sh\">Compartir<\/button><\/li><\/ul><\/div><\/div><div class=\"c-sh\"><button>Cerrar<\/button><div><p>Compartir<\/p><ul><li><button class=\"bt-fa\" data-ssnn=\"facebook\" data-url=\"https:\/\/cadenaser.com\/comunitat-valenciana\/2023\/11\/27\/los-santos-patronos-de-elda-saldran-a-las-calles-por-el-25-aniversario-de-la-parroquia-de-san-pascual-radio-elda\/\" data-title=\"Ram\u00f3n Gonz\u00e1lez, presidente de la Cofrad\u00eda de los Santos Patronos, sobre el 25 aniversario de la parroquia de San Pascual\">Facebook<\/button><\/li><li><button class=\"bt-tw\" data-ssnn=\"twitter\" data-url=\"https:\/\/cadenaser.com\/comunitat-valenciana\/2023\/11\/27\/los-santos-patronos-de-elda-saldran-a-las-calles-por-el-25-aniversario-de-la-parroquia-de-san-pascual-radio-elda\/\" data-title=\"Ram\u00f3n Gonz\u00e1lez, presidente de la Cofrad\u00eda de los Santos Patronos, sobre el 25 aniversario de la parroquia de San Pascual\">Twitter<\/button><\/li><li><button class=\"bt-li\" data-ssnn=\"linkedin\" data-url=\"https:\/\/cadenaser.com\/comunitat-valenciana\/2023\/11\/27\/los-santos-patronos-de-elda-saldran-a-las-calles-por-el-25-aniversario-de-la-parroquia-de-san-pascual-radio-elda\/\" data-title=\"Ram\u00f3n Gonz\u00e1lez, presidente de la Cofrad\u00eda de los Santos Patronos, sobre el 25 aniversario de la parroquia de San Pascual\">Linkedin<\/button><\/li><li><button class=\"bt-wh\" data-ssnn=\"whatsapp\" data-url=\"https:\/\/cadenaser.com\/comunitat-valenciana\/2023\/11\/27\/los-santos-patronos-de-elda-saldran-a-las-calles-por-el-25-aniversario-de-la-parroquia-de-san-pascual-radio-elda\/\" data-title=\"Ram\u00f3n Gonz\u00e1lez, presidente de la Cofrad\u00eda de los Santos Patronos, sobre el 25 aniversario de la parroquia de San Pascual\">Whatsapp<\/button><\/li><li><button class=\"bt-em\">Embeber<\/button><\/li><\/ul><\/div><div><p>El c\u00f3digo iframe se ha copiado en el portapapeles<\/p><p class=\"emb\">&lt;iframe src=&quot;https:\/\/cadenaser.com\/embed\/audio\/460\/1701093692819\/&quot; width=&quot;100%&quot; height=&quot;360&quot; frameborder=&quot;0&quot; allowfullscreen&gt;&lt;\/iframe&gt;<\/p><\/div><\/div><\/div><\/div>  Gonz\u00e1lez tambi\u00e9n ha explicado que \u00abtanto la salida del d\u00eda 10 como la del d\u00eda 17 ser\u00e1n pronto para caminar de d\u00eda lo m\u00e1ximo posible\u00bb adem\u00e1s de insistir en que \u00abdebemos demostrar que Elda es una ciudad de tradici\u00f3n, fe, devoci\u00f3n e historia\u00bb. ","protected":false},"excerpt":{"rendered":"<p>El 10 de diciembre abandonar\u00e1n la parroquia de Santa Ana para quedarse en la de San Pascual hasta el 17 de diciembre, d\u00eda en el que se realizar\u00e1 el camino de vuelta<\/p>\n","protected":false},"author":0,"featured_media":10,"comment_status":"open","ping_status":"open","sticky":false,"template":"","format":"standard","meta":{"_acf_changed":false,"footnotes":""},"categories":[1],"tags":[],"class_list":["post-9","post","type-post","status-publish","format-standard","has-post-thumbnail","hentry","category-app-de-ser-elda"],"acf":{"ser_id":"L4GAFSSOJVF7JDUUBOBZKRJMZY","ser_url":""},"_links":{"self":[{"href":"https:\/\/serelda.daliisolutions.com\/index.php\/wp-json\/wp\/v2\/posts\/9","targetHints":{"allow":["GET"]}}],"collection":[{"href":"https:\/\/serelda.daliisolutions.com\/index.php\/wp-json\/wp\/v2\/posts"}],"about":[{"href":"https:\/\/serelda.daliisolutions.com\/index.php\/wp-json\/wp\/v2\/types\/post"}],"replies":[{"embeddable":true,"href":"https:\/\/serelda.daliisolutions.com\/index.php\/wp-json\/wp\/v2\/comments?post=9"}],"version-history":[{"count":0,"href":"https:\/\/serelda.daliisolutions.com\/index.php\/wp-json\/wp\/v2\/posts\/9\/revisions"}],"wp:featuredmedia":[{"embeddable":true,"href":"https:\/\/serelda.daliisolutions.com\/index.php\/wp-json\/wp\/v2\/media\/10"}],"wp:attachment":[{"href":"https:\/\/serelda.daliisolutions.com\/index.php\/wp-json\/wp\/v2\/media?parent=9"}],"wp:term":[{"taxonomy":"category","embeddable":true,"href":"https:\/\/serelda.daliisolutions.com\/index.php\/wp-json\/wp\/v2\/categories?post=9"},{"taxonomy":"post_tag","embeddable":true,"href":"https:\/\/serelda.daliisolutions.com\/index.php\/wp-json\/wp\/v2\/tags?post=9"}],"curies":[{"name":"wp","href":"https:\/\/api.w.org\/{rel}","templated":true}]}}