{"id":29122,"date":"2026-05-02T18:12:33","date_gmt":"2026-05-02T18:12:33","guid":{"rendered":"https:\/\/serelda.daliisolutions.com\/index.php\/2026\/05\/02\/el-capet-conquista-el-provincial-sub-12-por-equipos-y-afronta-un-intenso-fin-de-semana-competitivo\/"},"modified":"2026-05-02T18:12:33","modified_gmt":"2026-05-02T18:12:33","slug":"el-capet-conquista-el-provincial-sub-12-por-equipos-y-afronta-un-intenso-fin-de-semana-competitivo","status":"publish","type":"post","link":"https:\/\/serelda.daliisolutions.com\/index.php\/2026\/05\/02\/el-capet-conquista-el-provincial-sub-12-por-equipos-y-afronta-un-intenso-fin-de-semana-competitivo\/","title":{"rendered":"El CAPET conquista el Provincial Sub-12 por equipos y afronta un intenso fin de semana competitivo"},"content":{"rendered":" <p>El Club Atletismo Petrer CAPET volvi\u00f3 a demostrar el buen momento de su cantera tras proclamarse campe\u00f3n provincial Sub-12 por equipos el pasado fin de semana en las pistas municipales de Alicante. El conjunto petrerense logr\u00f3 adem\u00e1s mejorar las marcas personales de todos sus integrantes en una competici\u00f3n marcada por el alto nivel y la igualdad entre los participantes.<\/p>  <p>El equipo campe\u00f3n estuvo formado por Ian Ejiogu Romero, Daniel Villena Vergara, \u00c1ngel D\u00edaz G\u00f3mez, Antonio Madrid Guzm\u00e1n, Alexander Shwarz Carbonell, Lucca Monreal Amor\u00f3s, Sebasti\u00e1n Brici Armero, Alejandro Garrido Rocamora y Mateo Barchin Vidal. Todos ellos estuvieron dirigidos por Rub\u00e9n Pay\u00e1 Corb\u00ed, responsable de un grupo que disfrut\u00f3 de una jornada muy intensa antes de alzarse con el t\u00edtulo provincial.<\/p>  <p>Tras este importante \u00e9xito, el CAPET afronta ahora un fin de semana cargado de competiciones. La principal cita ser\u00e1 el Campeonato Auton\u00f3mico Absoluto, que se celebrar\u00e1 este s\u00e1bado en las instalaciones Manolo Ja\u00e9n de Elche. El club ha conseguido clasificar tanto a su equipo masculino como al femenino para esta destacada competici\u00f3n regional.<\/p>  <img src='https:\/\/cloudfront-eu-central-1.images.arcpublishing.com\/prisaradio\/FVLWTGCG5VBS3E2COBUDHJ35LM.jpg' alt='M\u00e1s \u00e9xitos para el CAPET' \/>  <p>La actividad tambi\u00e9n ser\u00e1 intensa en las categor\u00edas de formaci\u00f3n. Las mismas instalaciones ilicitanas acoger\u00e1n el s\u00e1bado por la ma\u00f1ana el Campeonato Provincial Sub-14 y, ya el domingo, el Provincial Sub-16. En ambas citas se espera una amplia representaci\u00f3n de atletas del CAPET, que contin\u00faa consolidando su presencia en todas las categor\u00edas base.<\/p>  <p>Adem\u00e1s, el club tendr\u00e1 representaci\u00f3n nacional gracias a Jimena Cutillas S\u00e1nchez, que afrontar\u00e1 un exigente doble compromiso este fin de semana. La atleta competir\u00e1 el s\u00e1bado en el Campeonato de Espa\u00f1a de Subida Vertical en Barruelo de Santull\u00e1n, en Palencia, y el domingo participar\u00e1 en el Campeonato de Espa\u00f1a de Carreras por Monta\u00f1a que se disputar\u00e1 en Aguilar de Campoo.<\/p> ","protected":false},"excerpt":{"rendered":"<p>El club petrerense se impuso en Alicante con una destacada actuaci\u00f3n colectiva y prepara ahora nuevas citas auton\u00f3micas, provinciales y nacionales<\/p>\n","protected":false},"author":0,"featured_media":29123,"comment_status":"","ping_status":"","sticky":false,"template":"","format":"standard","meta":{"_acf_changed":false,"footnotes":""},"categories":[15],"tags":[],"class_list":["post-29122","post","type-post","status-publish","format-standard","has-post-thumbnail","hentry","category-deportes"],"acf":{"ser_id":"VN4S2OJOQRDZPGCKAT7EQU5BEE","ser_url":"https:\/\/cadenaser.com\/comunitat-valenciana\/2026\/05\/01\/el-capet-conquista-el-provincial-sub-12-por-equipos-y-afronta-un-intenso-fin-de-semana-competitivo-radio-elda\/"},"_links":{"self":[{"href":"https:\/\/serelda.daliisolutions.com\/index.php\/wp-json\/wp\/v2\/posts\/29122","targetHints":{"allow":["GET"]}}],"collection":[{"href":"https:\/\/serelda.daliisolutions.com\/index.php\/wp-json\/wp\/v2\/posts"}],"about":[{"href":"https:\/\/serelda.daliisolutions.com\/index.php\/wp-json\/wp\/v2\/types\/post"}],"replies":[{"embeddable":true,"href":"https:\/\/serelda.daliisolutions.com\/index.php\/wp-json\/wp\/v2\/comments?post=29122"}],"version-history":[{"count":0,"href":"https:\/\/serelda.daliisolutions.com\/index.php\/wp-json\/wp\/v2\/posts\/29122\/revisions"}],"wp:featuredmedia":[{"embeddable":true,"href":"https:\/\/serelda.daliisolutions.com\/index.php\/wp-json\/wp\/v2\/media\/29123"}],"wp:attachment":[{"href":"https:\/\/serelda.daliisolutions.com\/index.php\/wp-json\/wp\/v2\/media?parent=29122"}],"wp:term":[{"taxonomy":"category","embeddable":true,"href":"https:\/\/serelda.daliisolutions.com\/index.php\/wp-json\/wp\/v2\/categories?post=29122"},{"taxonomy":"post_tag","embeddable":true,"href":"https:\/\/serelda.daliisolutions.com\/index.php\/wp-json\/wp\/v2\/tags?post=29122"}],"curies":[{"name":"wp","href":"https:\/\/api.w.org\/{rel}","templated":true}]}}