{"id":29120,"date":"2026-05-02T18:12:33","date_gmt":"2026-05-02T18:12:33","guid":{"rendered":"https:\/\/serelda.daliisolutions.com\/index.php\/2026\/05\/02\/el-club-atletismo-elda-firma-un-fin-de-semana-brillante-entre-alicante-valencia-y-monovar\/"},"modified":"2026-05-02T18:12:33","modified_gmt":"2026-05-02T18:12:33","slug":"el-club-atletismo-elda-firma-un-fin-de-semana-brillante-entre-alicante-valencia-y-monovar","status":"publish","type":"post","link":"https:\/\/serelda.daliisolutions.com\/index.php\/2026\/05\/02\/el-club-atletismo-elda-firma-un-fin-de-semana-brillante-entre-alicante-valencia-y-monovar\/","title":{"rendered":"El Club Atletismo Elda firma un fin de semana brillante entre Alicante, Valencia y Mon\u00f3var"},"content":{"rendered":" <p>El Club Atletismo Elda volvi\u00f3 a dejar patente el gran momento que atraviesa su cantera con una destacada actuaci\u00f3n en el Campeonato Provincial Sub-12 celebrado en el Estadio Joaqu\u00edn Villar de Alicante. Los j\u00f3venes atletas eldenses lograron varios puestos de honor en distintas disciplinas. Diego Sanz Rico fue quinto en los 2.000 metros lisos y se proclam\u00f3 campe\u00f3n provincial en lanzamiento de disco. Tambi\u00e9n sobresali\u00f3 Dar\u00edo Franco Garc\u00eda, segundo en lanzamiento de peso y primero en martillo.<\/p>  <p>En categor\u00eda femenina, Aina Navarro Mart\u00ednez compiti\u00f3 en los 60 metros lisos, mientras que Sof\u00eda Vera G\u00f3mez particip\u00f3 en salto de longitud y en los 60 metros vallas, prueba en la que consigui\u00f3 una meritoria cuarta posici\u00f3n. La participaci\u00f3n del grupo volvi\u00f3 a demostrar el buen trabajo que se realiza desde la Escuela del Club Atletismo Elda.<\/p>  <p>La actividad tambi\u00e9n dej\u00f3 una gran actuaci\u00f3n en Valencia, donde Jos\u00e9 Mar\u00eda Vall\u00e9s L\u00f3pez particip\u00f3 en el Circuito de Carreras de Valencia. El atleta ayorense complet\u00f3 los 5 kil\u00f3metros con un excelente tiempo de 15 minutos y 44 segundos, confirmando el gran estado de forma que viene mostrando durante las \u00faltimas semanas con la camiseta verdinegra.<\/p>  <p>Otro de los escenarios destacados del fin de semana fue Mon\u00f3var, donde el Club Atletismo Elda tuvo una amplia representaci\u00f3n en el circuito de carreras local. En categor\u00eda prebenjam\u00edn femenina, Paula Naval\u00f3n Sirvent fue segunda y Eider V\u00e9lez Gallego tercera. Entre los chicos, Leo Valiente S\u00e1ez logr\u00f3 la victoria y Leo Garc\u00eda Puche termin\u00f3 tercero. En benjam\u00edn femenino, Manuela Asensi Poveda y Laura Mora Miralles firmaron un doblete con el primer y segundo puesto, respectivamente.<\/p>  <p>Los buenos resultados continuaron en el resto de categor\u00edas. Kiko Vera Palaz\u00f3n fue tercero en benjam\u00edn masculino, seguido por Hugo Valiente S\u00e1ez, cuarto, y Erik Ortu\u00f1o Puche, quinto. En alev\u00edn femenino, Sof\u00eda Naval\u00f3n Sirvent acab\u00f3 tercera y Luc\u00eda Garc\u00eda Real quinta, mientras que Israel Azouzout Bouchtati venci\u00f3 en categor\u00eda masculina. Tambi\u00e9n destacaron Indira Salcedo L\u00e1zaro y Emma Mora Miralles, primera y segunda en infantil femenino, adem\u00e1s de Alma Vidal Moreno, cuarta. En infantil masculino, V\u00edctor Alcaina S\u00e1nchez fue tercero y Dar\u00edo Alba Ib\u00e1\u00f1ez s\u00e9ptimo.<\/p>  <p>La jornada en Mon\u00f3var tambi\u00e9n dej\u00f3 triunfos para Pablo Garc\u00eda Real en cadete masculino y Sof\u00eda Gonz\u00e1lez Garrig\u00f3s en cadete femenino. En la prueba absoluta sobre 5.000 metros, Juan Francisco I\u00f1iguez Moreno fue tercero, mientras que Jos\u00e9 Javier Navarro Juan y Jos\u00e9 Ferris Montesinos lograron sendos segundos puestos en sus respectivas categor\u00edas. Joaqu\u00edn Alcaina G\u00e1lvez termin\u00f3 duod\u00e9cimo, Adri\u00e1n Alcaina S\u00e1nchez fue segundo y Asun S\u00e1nchez Gin\u00e9s concluy\u00f3 sexta.<\/p>  <p>El calendario continuar\u00e1 este fin de semana con nuevas competiciones para la entidad eldense. El s\u00e1bado por la ma\u00f1ana se disputar\u00e1 el Campeonato Provincial Sub-14 en el Estadio Manolo Ja\u00e9n de Elche, donde competir\u00e1n Lola Ruiz P\u00e9rez, Lia Chocero Jim\u00e9nez, Patricia Briongos Verd\u00fa, Luc\u00eda Mallebrera Palaz\u00f3n y V\u00edctor Alcaina S\u00e1nchez. Adem\u00e1s, por la tarde se celebrar\u00e1 el Cross de La Vereda, perteneciente al Circuito de Novelda, con una amplia representaci\u00f3n del club. El domingo llegar\u00e1 el turno del Campeonato Provincial Sub-16 en Elche, con la presencia de Marcos Ochoa L\u00f3pez, Paula Tortosa, Sof\u00eda Gonz\u00e1lez Garrig\u00f3s y Pablo Garc\u00eda Real.<\/p> ","protected":false},"excerpt":{"rendered":"<p>La cantera eldense destaca en los campeonatos provinciales y circuitos populares, mientras el club prepara nuevas citas en Elche y Novelda<\/p>\n","protected":false},"author":0,"featured_media":0,"comment_status":"","ping_status":"","sticky":false,"template":"","format":"standard","meta":{"_acf_changed":false,"footnotes":""},"categories":[15],"tags":[],"class_list":["post-29120","post","type-post","status-publish","format-standard","hentry","category-deportes"],"acf":{"ser_id":"RKRPQHWAC5HO7NTVZPTK4TMERE","ser_url":"https:\/\/cadenaser.com\/comunitat-valenciana\/2026\/05\/01\/el-club-atletismo-elda-firma-un-fin-de-semana-brillante-entre-alicante-valencia-y-monovar-radio-elda\/"},"_links":{"self":[{"href":"https:\/\/serelda.daliisolutions.com\/index.php\/wp-json\/wp\/v2\/posts\/29120","targetHints":{"allow":["GET"]}}],"collection":[{"href":"https:\/\/serelda.daliisolutions.com\/index.php\/wp-json\/wp\/v2\/posts"}],"about":[{"href":"https:\/\/serelda.daliisolutions.com\/index.php\/wp-json\/wp\/v2\/types\/post"}],"replies":[{"embeddable":true,"href":"https:\/\/serelda.daliisolutions.com\/index.php\/wp-json\/wp\/v2\/comments?post=29120"}],"version-history":[{"count":0,"href":"https:\/\/serelda.daliisolutions.com\/index.php\/wp-json\/wp\/v2\/posts\/29120\/revisions"}],"wp:attachment":[{"href":"https:\/\/serelda.daliisolutions.com\/index.php\/wp-json\/wp\/v2\/media?parent=29120"}],"wp:term":[{"taxonomy":"category","embeddable":true,"href":"https:\/\/serelda.daliisolutions.com\/index.php\/wp-json\/wp\/v2\/categories?post=29120"},{"taxonomy":"post_tag","embeddable":true,"href":"https:\/\/serelda.daliisolutions.com\/index.php\/wp-json\/wp\/v2\/tags?post=29120"}],"curies":[{"name":"wp","href":"https:\/\/api.w.org\/{rel}","templated":true}]}}