{"id":29114,"date":"2026-05-02T18:12:31","date_gmt":"2026-05-02T18:12:31","guid":{"rendered":"https:\/\/serelda.daliisolutions.com\/index.php\/2026\/05\/02\/elda-denuncia-la-posible-supresion-del-ciclo-de-sistemas-microinformaticos-y-redes-del-cipfp-valle-de-elda\/"},"modified":"2026-05-02T18:12:31","modified_gmt":"2026-05-02T18:12:31","slug":"elda-denuncia-la-posible-supresion-del-ciclo-de-sistemas-microinformaticos-y-redes-del-cipfp-valle-de-elda","status":"publish","type":"post","link":"https:\/\/serelda.daliisolutions.com\/index.php\/2026\/05\/02\/elda-denuncia-la-posible-supresion-del-ciclo-de-sistemas-microinformaticos-y-redes-del-cipfp-valle-de-elda\/","title":{"rendered":"Elda denuncia la posible supresi\u00f3n del ciclo de Sistemas Microinform\u00e1ticos y Redes del CIPFP Valle de Elda"},"content":{"rendered":" <p>La concejal\u00eda de Educaci\u00f3n del Ayuntamiento de Elda ha mostrado su rechazo ante la posible eliminaci\u00f3n del ciclo de grado medio de Sistemas Microinform\u00e1ticos y Redes del Centro Integrado de Formaci\u00f3n Profesional Valle de Elda, una decisi\u00f3n que, seg\u00fan han denunciado desde el equipo de gobierno, supondr\u00eda un importante retroceso en la oferta educativa de Formaci\u00f3n Profesional de la ciudad. <\/p>  <p>Durante una rueda de prensa, responsables municipales han alertado de que esta medida se sumar\u00eda a otros recortes educativos registrados en los \u00faltimos a\u00f1os en la Comunidad Valenciana, como la reducci\u00f3n de grupos en la Escuela Oficial de Idiomas, los retrasos en la incorporaci\u00f3n de profesorado o la disminuci\u00f3n de recursos destinados a programas educativos espec\u00edficos. <\/p>  <p>Desde la concejal\u00eda de Educaci\u00f3n consideran especialmente preocupante la posible supresi\u00f3n de este ciclo formativo debido a la alta demanda existente. Seg\u00fan explicaron, el pasado curso quedaron 21 alumnos y alumnas en lista de espera, vi\u00e9ndose obligados a desplazarse a otras localidades para continuar sus estudios. <\/p>  <p>El Ayuntamiento recuerda adem\u00e1s que desde hace a\u00f1os se viene reclamando la implantaci\u00f3n del grado superior de Administraci\u00f3n de Sistemas Inform\u00e1ticos en Red en el CIPFP Valle de Elda, con el objetivo de garantizar un itinerario formativo completo dentro de la familia profesional de Inform\u00e1tica. <\/p>  <p>La edil responsable del \u00e1rea, Mar\u00eda Gisbert, defiende la necesidad de que el alumnado pueda desarrollar toda su formaci\u00f3n en un mismo centro, desde el grado b\u00e1sico hasta el superior, favoreciendo as\u00ed la continuidad educativa y la especializaci\u00f3n profesional. <\/p>  <p>Asimismo, desde el Ayuntamiento tambi\u00e9n se ha reiterado la petici\u00f3n para implantar el grado medio de Confecci\u00f3n y Moda en el IES La Torreta, con el fin de completar la familia formativa ya existente en este \u00e1mbito. <\/p>  <p>Durante la comparecencia tambi\u00e9n se critic\u00f3 la falta de planificaci\u00f3n y transparencia por parte de la Conselleria de Educaci\u00f3n, se\u00f1alando que los centros todav\u00eda no conocen de forma definitiva la oferta formativa para el pr\u00f3ximo curso pese a que el calendario de admisi\u00f3n est\u00e1 pr\u00f3ximo a iniciarse. <\/p>  <p>Por su parte, el portavoz socialista Fernando G\u00f3mez advirti\u00f3 de que la Comunidad Valenciana podr\u00eda perder alrededor de 100 ciclos formativos, asegurando que esta reducci\u00f3n afecta especialmente a ense\u00f1anzas con alta demanda. G\u00f3mez defendi\u00f3 el papel de Elda como referente comarcal en Formaci\u00f3n Profesional y alert\u00f3 de que la reducci\u00f3n de plazas p\u00fablicas podr\u00eda derivar en un aumento de la formaci\u00f3n privada.<\/p> ","protected":false},"excerpt":{"rendered":"<p>El Ayuntamiento alerta de que la eliminaci\u00f3n afectar\u00eda a una formaci\u00f3n con alta demanda y reclama ampliar la oferta de FP en la ciudad <\/p>\n","protected":false},"author":0,"featured_media":29115,"comment_status":"","ping_status":"","sticky":false,"template":"","format":"standard","meta":{"_acf_changed":false,"footnotes":""},"categories":[1],"tags":[],"class_list":["post-29114","post","type-post","status-publish","format-standard","has-post-thumbnail","hentry","category-app-de-ser-elda"],"acf":{"ser_id":"FTINK5ZBUNCPTJCZ3BCCNETJQA","ser_url":"https:\/\/cadenaser.com\/comunitat-valenciana\/2026\/04\/30\/elda-denuncia-la-posible-supresion-del-ciclo-de-sistemas-microinformaticos-y-redes-del-cipfp-valle-de-elda-radio-elda\/"},"_links":{"self":[{"href":"https:\/\/serelda.daliisolutions.com\/index.php\/wp-json\/wp\/v2\/posts\/29114","targetHints":{"allow":["GET"]}}],"collection":[{"href":"https:\/\/serelda.daliisolutions.com\/index.php\/wp-json\/wp\/v2\/posts"}],"about":[{"href":"https:\/\/serelda.daliisolutions.com\/index.php\/wp-json\/wp\/v2\/types\/post"}],"replies":[{"embeddable":true,"href":"https:\/\/serelda.daliisolutions.com\/index.php\/wp-json\/wp\/v2\/comments?post=29114"}],"version-history":[{"count":0,"href":"https:\/\/serelda.daliisolutions.com\/index.php\/wp-json\/wp\/v2\/posts\/29114\/revisions"}],"wp:featuredmedia":[{"embeddable":true,"href":"https:\/\/serelda.daliisolutions.com\/index.php\/wp-json\/wp\/v2\/media\/29115"}],"wp:attachment":[{"href":"https:\/\/serelda.daliisolutions.com\/index.php\/wp-json\/wp\/v2\/media?parent=29114"}],"wp:term":[{"taxonomy":"category","embeddable":true,"href":"https:\/\/serelda.daliisolutions.com\/index.php\/wp-json\/wp\/v2\/categories?post=29114"},{"taxonomy":"post_tag","embeddable":true,"href":"https:\/\/serelda.daliisolutions.com\/index.php\/wp-json\/wp\/v2\/tags?post=29114"}],"curies":[{"name":"wp","href":"https:\/\/api.w.org\/{rel}","templated":true}]}}