{"id":29112,"date":"2026-05-02T18:12:28","date_gmt":"2026-05-02T18:12:28","guid":{"rendered":"https:\/\/serelda.daliisolutions.com\/index.php\/2026\/05\/02\/petrer-inaugura-la-placa-de-baix-con-un-homenaje-a-los-colectivos-que-han-marcado-su-historia\/"},"modified":"2026-05-02T18:12:28","modified_gmt":"2026-05-02T18:12:28","slug":"petrer-inaugura-la-placa-de-baix-con-un-homenaje-a-los-colectivos-que-han-marcado-su-historia","status":"publish","type":"post","link":"https:\/\/serelda.daliisolutions.com\/index.php\/2026\/05\/02\/petrer-inaugura-la-placa-de-baix-con-un-homenaje-a-los-colectivos-que-han-marcado-su-historia\/","title":{"rendered":"Petrer inaugura la pla\u00e7a de Baix con un homenaje a los colectivos que han marcado su historia"},"content":{"rendered":" <p>Petrer ha inaugurado este jueves la renovada pla\u00e7a de Baix en un acto que ha reunido a cientos de vecinos y vecinas en el centro hist\u00f3rico de la localidad. La reapertura del emblem\u00e1tico espacio estuvo acompa\u00f1ada de m\u00fasica, iluminaci\u00f3n especial y un refrigerio con vinos de la tierra, adem\u00e1s de un reconocimiento p\u00fablico a diferentes colectivos locales que, a lo largo de los a\u00f1os, han convertido la plaza en uno de los principales puntos de encuentro del municipio.<\/p>  <p>El acto comenz\u00f3 con actuaciones de piano y danza en directo y continu\u00f3 con la entrega de recuerdos conmemorativos a asociaciones y entidades vinculadas hist\u00f3ricamente a la vida social y festiva de la plaza. <\/p>  <p>Posteriormente, la alcaldesa de Petrer, Irene Navarro, destac\u00f3 que la nueva pla\u00e7a de Baix \u201cmira al futuro, pero se ha construido con memoria\u201d, haciendo referencia a los restos arqueol\u00f3gicos de \u00e9poca romana hallados durante las excavaciones realizadas en la zona. \u201cEsta no es solo una plaza: es, ha sido y ser\u00e1 para siempre, la plaza de nuestra vida\u201d, se\u00f1al\u00f3 la primera edil.<\/p>  <p>Cabe recordar que la actuaci\u00f3n ha supuesto una inversi\u00f3n total de 1,7 millones de euros, de los que 965.000 euros han sido financiados mediante una subvenci\u00f3n de la Diputaci\u00f3n de Alicante. El proyecto ha permitido aumentar cerca de un 40% la superficie peatonal e incorporar nuevo mobiliario urbano para favorecer el uso ciudadano del espacio. <\/p>  <p>Adem\u00e1s, el dise\u00f1o de la plaza integra recreaciones de algunos de los hallazgos romanos encontrados durante las obras, como la bas\u00edlica, las termas o el mosaico, mientras que las piezas originales pueden visitarse en el Museo D\u00e1maso Navarro. Las obras, iniciadas en julio de 2025, tambi\u00e9n han incluido la reurbanizaci\u00f3n de varias calles del entorno de la pla\u00e7a de Baix.<\/p> ","protected":false},"excerpt":{"rendered":"<p>Cientos de vecinos asisten a la inauguraci\u00f3n del renovado espacio, que gana superficie peatonal y pone en valor los hallazgos arqueol\u00f3gicos romanos<\/p>\n","protected":false},"author":0,"featured_media":29113,"comment_status":"","ping_status":"","sticky":false,"template":"","format":"standard","meta":{"_acf_changed":false,"footnotes":""},"categories":[1],"tags":[],"class_list":["post-29112","post","type-post","status-publish","format-standard","has-post-thumbnail","hentry","category-app-de-ser-elda"],"acf":{"ser_id":"QTD3CAQR2VB4TDQWJ4UIY3XHNA","ser_url":"https:\/\/cadenaser.com\/comunitat-valenciana\/2026\/05\/01\/petrer-inaugura-la-placa-de-baix-con-un-homenaje-a-los-colectivos-que-han-marcado-su-historia-radio-elda\/"},"_links":{"self":[{"href":"https:\/\/serelda.daliisolutions.com\/index.php\/wp-json\/wp\/v2\/posts\/29112","targetHints":{"allow":["GET"]}}],"collection":[{"href":"https:\/\/serelda.daliisolutions.com\/index.php\/wp-json\/wp\/v2\/posts"}],"about":[{"href":"https:\/\/serelda.daliisolutions.com\/index.php\/wp-json\/wp\/v2\/types\/post"}],"replies":[{"embeddable":true,"href":"https:\/\/serelda.daliisolutions.com\/index.php\/wp-json\/wp\/v2\/comments?post=29112"}],"version-history":[{"count":0,"href":"https:\/\/serelda.daliisolutions.com\/index.php\/wp-json\/wp\/v2\/posts\/29112\/revisions"}],"wp:featuredmedia":[{"embeddable":true,"href":"https:\/\/serelda.daliisolutions.com\/index.php\/wp-json\/wp\/v2\/media\/29113"}],"wp:attachment":[{"href":"https:\/\/serelda.daliisolutions.com\/index.php\/wp-json\/wp\/v2\/media?parent=29112"}],"wp:term":[{"taxonomy":"category","embeddable":true,"href":"https:\/\/serelda.daliisolutions.com\/index.php\/wp-json\/wp\/v2\/categories?post=29112"},{"taxonomy":"post_tag","embeddable":true,"href":"https:\/\/serelda.daliisolutions.com\/index.php\/wp-json\/wp\/v2\/tags?post=29112"}],"curies":[{"name":"wp","href":"https:\/\/api.w.org\/{rel}","templated":true}]}}