{"id":29110,"date":"2026-05-02T18:12:26","date_gmt":"2026-05-02T18:12:26","guid":{"rendered":"https:\/\/serelda.daliisolutions.com\/index.php\/2026\/05\/02\/elda-y-petrer-reunen-a-cerca-de-mil-personas-en-el-primero-de-mayo-pese-a-la-amenaza-de-lluvia\/"},"modified":"2026-05-02T18:12:26","modified_gmt":"2026-05-02T18:12:26","slug":"elda-y-petrer-reunen-a-cerca-de-mil-personas-en-el-primero-de-mayo-pese-a-la-amenaza-de-lluvia","status":"publish","type":"post","link":"https:\/\/serelda.daliisolutions.com\/index.php\/2026\/05\/02\/elda-y-petrer-reunen-a-cerca-de-mil-personas-en-el-primero-de-mayo-pese-a-la-amenaza-de-lluvia\/","title":{"rendered":"Elda y Petrer re\u00fanen a cerca de mil personas en el Primero de Mayo pese a la amenaza de lluvia"},"content":{"rendered":" <p>Cerca de un millar de personas han participado este viernes en la manifestaci\u00f3n del D\u00eda Internacional de los Trabajadores convocada por CCOO Vinalop\u00f3-Vega Baja bajo el lema \u201cDerechos, no trincheras. Salarios, vivienda y democracia\u201d. <\/p>  <p>La marcha se ha celebrado con normalidad pese a la incertidumbre meteorol\u00f3gica de las primeras horas de la ma\u00f1ana, en las que la lluvia amenazaba con condicionar el desarrollo de la convocatoria. El recorrido ha partido desde la avenida Reina Sof\u00eda de Petrer y ha finalizado, tras aproximadamente una hora, en la plaza Castelar de Elda con la lectura del manifiesto.<\/p>  <img src='https:\/\/cloudfront-eu-central-1.images.arcpublishing.com\/prisaradio\/OXQ3GBMXHVBBHLOXXNCHKWWH3I.jpeg' alt='Varios concejales del equipo de Gobierno de Elda han participado en la movilizaci\u00f3n' \/>  <p>La movilizaci\u00f3n ha contado con la presencia de representantes pol\u00edticos y colectivos sociales de ambas localidades, entre ellos PSOE de Elda, Esquerra Unida, Elda para Todas, la Federaci\u00f3n de Asociaciones de Vecinos de Elda (FAVE), Coespe, la Asamblea Feminista Vinalop\u00f3 Mitj\u00e0 o la Plataforma por la Defensa de la Sanidad P\u00fablica del Departamento de Salud de Elda. <\/p>  <p>Durante el recorrido tambi\u00e9n se ha mantenido el homenaje a los trabajadores represaliados durante el franquismo, con una parada en la calle Antonino Vera en recuerdo del sindicalista eldense Jos\u00e9 S\u00e1nchez Barrag\u00e1n, detenido el 1 de mayo de 1968 por reclamar libertad sindical.<\/p>  <img src='https:\/\/cloudfront-eu-central-1.images.arcpublishing.com\/prisaradio\/3KKVCQDRHJCFNDKBUJSPTZ4LFQ.jpeg' alt='El homenaje se ha realizado en la calle Antonino Vera' \/>  <p>En el manifiesto le\u00eddo al t\u00e9rmino de la marcha, CCOO ha reivindicado la defensa de los derechos laborales y sociales en un contexto marcado por la precariedad, el acceso a la vivienda, la reducci\u00f3n de jornada y la mejora de los salarios. <\/p>  <p>El sindicato tambi\u00e9n ha mostrado su preocupaci\u00f3n por los accidentes laborales registrados en la provincia, ha reclamado mayor protecci\u00f3n de los servicios p\u00fablicos y ha alertado sobre el avance de la ultraderecha y los conflictos internacionales. Adem\u00e1s, ha exigido medidas para afrontar la situaci\u00f3n de trabajadores afectados por expedientes de regulaci\u00f3n de empleo en el sector del calzado y ha defendido la necesidad de reforzar la negociaci\u00f3n colectiva y la estabilidad laboral. <\/p> ","protected":false},"excerpt":{"rendered":"<p>La manifestaci\u00f3n convocada por CCOO se ha desarrollado con normalidad en una jornada marcada a primera hora por la inestabilidad meteorol\u00f3gica<\/p>\n","protected":false},"author":0,"featured_media":29111,"comment_status":"","ping_status":"","sticky":false,"template":"","format":"standard","meta":{"_acf_changed":false,"footnotes":""},"categories":[1],"tags":[],"class_list":["post-29110","post","type-post","status-publish","format-standard","has-post-thumbnail","hentry","category-app-de-ser-elda"],"acf":{"ser_id":"T4DOGWINH5BYXACFM6XAUKQ2BE","ser_url":"https:\/\/cadenaser.com\/comunitat-valenciana\/2026\/05\/01\/elda-y-petrer-reunen-a-cerca-de-mil-personas-en-el-primero-de-mayo-pese-a-la-amenaza-de-lluvia-radio-elda\/"},"_links":{"self":[{"href":"https:\/\/serelda.daliisolutions.com\/index.php\/wp-json\/wp\/v2\/posts\/29110","targetHints":{"allow":["GET"]}}],"collection":[{"href":"https:\/\/serelda.daliisolutions.com\/index.php\/wp-json\/wp\/v2\/posts"}],"about":[{"href":"https:\/\/serelda.daliisolutions.com\/index.php\/wp-json\/wp\/v2\/types\/post"}],"replies":[{"embeddable":true,"href":"https:\/\/serelda.daliisolutions.com\/index.php\/wp-json\/wp\/v2\/comments?post=29110"}],"version-history":[{"count":0,"href":"https:\/\/serelda.daliisolutions.com\/index.php\/wp-json\/wp\/v2\/posts\/29110\/revisions"}],"wp:featuredmedia":[{"embeddable":true,"href":"https:\/\/serelda.daliisolutions.com\/index.php\/wp-json\/wp\/v2\/media\/29111"}],"wp:attachment":[{"href":"https:\/\/serelda.daliisolutions.com\/index.php\/wp-json\/wp\/v2\/media?parent=29110"}],"wp:term":[{"taxonomy":"category","embeddable":true,"href":"https:\/\/serelda.daliisolutions.com\/index.php\/wp-json\/wp\/v2\/categories?post=29110"},{"taxonomy":"post_tag","embeddable":true,"href":"https:\/\/serelda.daliisolutions.com\/index.php\/wp-json\/wp\/v2\/tags?post=29110"}],"curies":[{"name":"wp","href":"https:\/\/api.w.org\/{rel}","templated":true}]}}