{"id":29108,"date":"2026-04-30T13:31:29","date_gmt":"2026-04-30T13:31:29","guid":{"rendered":"https:\/\/serelda.daliisolutions.com\/index.php\/2026\/04\/30\/el-eldense-lanza-una-promocion-2x1-para-abonados-ante-el-marbella\/"},"modified":"2026-04-30T13:31:29","modified_gmt":"2026-04-30T13:31:29","slug":"el-eldense-lanza-una-promocion-2x1-para-abonados-ante-el-marbella","status":"publish","type":"post","link":"https:\/\/serelda.daliisolutions.com\/index.php\/2026\/04\/30\/el-eldense-lanza-una-promocion-2x1-para-abonados-ante-el-marbella\/","title":{"rendered":"El Eldense lanza una promoci\u00f3n 2&#215;1 para abonados ante el Marbella"},"content":{"rendered":" <p>El Eldense ha puesto en marcha una promoci\u00f3n especial de entradas de cara al partido frente al Marbella F. C., correspondiente a la jornada 35 de la Primera Federaci\u00f3n Versus e-Learning. El encuentro se jugar\u00e1 el pr\u00f3ximo domingo 3 de mayo a las 20.30 h en el Estadio Nuevo Pepico Amat.<\/p>  <p>La entidad azulgrana ha anunciado una oferta 2&#215;1 exclusiva para abonados, disponible \u00fanicamente en las taquillas del estadio y hasta agotar existencias. Los socios podr\u00e1n acceder al partido con su carnet habitual y, adem\u00e1s, adquirir packs de dos entradas para acompa\u00f1antes a precios reducidos.<\/p>  <p>En concreto, el pack de dos entradas para la zona General tendr\u00e1 un coste de 15 euros, mientras que para Fondo Sur el precio ser\u00e1 de 10 euros. Esta iniciativa busca favorecer la presencia de aficionados en un encuentro importante de la recta final de la temporada.<\/p>  <p>Por otro lado, el club tambi\u00e9n ha dado a conocer los precios para el p\u00fablico general. Las entradas de Tribuna costar\u00e1n 20 euros para adultos y 10 euros para infantiles; en General, 15 euros para adultos y 10 euros para ni\u00f1os; y en Fondo, 10 euros la entrada de adulto y 5 euros la infantil.<\/p>  <p>La venta anticipada en las taquillas del estadio se llevar\u00e1 a cabo los d\u00edas 29 y 30 de abril, en horario de 17.00 a 20.00 h. Adem\u00e1s, las entradas tambi\u00e9n podr\u00e1n adquirirse de forma online desde el mi\u00e9rcoles 29 de abril a las 17.00 h. El d\u00eda del partido, las taquillas abrir\u00e1n desde las 19.30 h hasta el minuto 60 de encuentro, mismo horario en el que se abrir\u00e1n las puertas del estadio. El club ha informado tambi\u00e9n de que la afici\u00f3n visitante ocupar\u00e1 inicialmente la zona de Fondo Sur, con entradas a 25 euros y car\u00e1cter nominativo, realiz\u00e1ndose controles de acceso en las puertas del recinto.<\/p> ","protected":false},"excerpt":{"rendered":"<p>El encuentro se disputar\u00e1 el domingo 3 de mayo a las 20.30 h en el Nuevo Pepico Amat y las entradas promocionales solo podr\u00e1n adquirirse en taquilla<\/p>\n","protected":false},"author":0,"featured_media":29109,"comment_status":"","ping_status":"","sticky":false,"template":"","format":"standard","meta":{"_acf_changed":false,"footnotes":""},"categories":[15],"tags":[],"class_list":["post-29108","post","type-post","status-publish","format-standard","has-post-thumbnail","hentry","category-deportes"],"acf":{"ser_id":"JWDGVSQ3BFHVTBOMLF2J2OTEYU","ser_url":"https:\/\/cadenaser.com\/comunitat-valenciana\/2026\/04\/29\/el-eldense-lanza-una-promocion-2x1-para-abonados-ante-el-marbella-radio-elda\/"},"_links":{"self":[{"href":"https:\/\/serelda.daliisolutions.com\/index.php\/wp-json\/wp\/v2\/posts\/29108","targetHints":{"allow":["GET"]}}],"collection":[{"href":"https:\/\/serelda.daliisolutions.com\/index.php\/wp-json\/wp\/v2\/posts"}],"about":[{"href":"https:\/\/serelda.daliisolutions.com\/index.php\/wp-json\/wp\/v2\/types\/post"}],"replies":[{"embeddable":true,"href":"https:\/\/serelda.daliisolutions.com\/index.php\/wp-json\/wp\/v2\/comments?post=29108"}],"version-history":[{"count":0,"href":"https:\/\/serelda.daliisolutions.com\/index.php\/wp-json\/wp\/v2\/posts\/29108\/revisions"}],"wp:featuredmedia":[{"embeddable":true,"href":"https:\/\/serelda.daliisolutions.com\/index.php\/wp-json\/wp\/v2\/media\/29109"}],"wp:attachment":[{"href":"https:\/\/serelda.daliisolutions.com\/index.php\/wp-json\/wp\/v2\/media?parent=29108"}],"wp:term":[{"taxonomy":"category","embeddable":true,"href":"https:\/\/serelda.daliisolutions.com\/index.php\/wp-json\/wp\/v2\/categories?post=29108"},{"taxonomy":"post_tag","embeddable":true,"href":"https:\/\/serelda.daliisolutions.com\/index.php\/wp-json\/wp\/v2\/tags?post=29108"}],"curies":[{"name":"wp","href":"https:\/\/api.w.org\/{rel}","templated":true}]}}