{"id":29106,"date":"2026-04-30T13:31:27","date_gmt":"2026-04-30T13:31:27","guid":{"rendered":"https:\/\/serelda.daliisolutions.com\/index.php\/2026\/04\/30\/jose-quiles-estoy-contento-feliz-y-con-ganas-de-volver-a-disfrutar\/"},"modified":"2026-04-30T13:31:27","modified_gmt":"2026-04-30T13:31:27","slug":"jose-quiles-estoy-contento-feliz-y-con-ganas-de-volver-a-disfrutar","status":"publish","type":"post","link":"https:\/\/serelda.daliisolutions.com\/index.php\/2026\/04\/30\/jose-quiles-estoy-contento-feliz-y-con-ganas-de-volver-a-disfrutar\/","title":{"rendered":"Jos\u00e9 Quiles: \u00abEstoy contento, feliz y con ganas de volver a disfrutar\u00bb"},"content":{"rendered":" <p>El boxeador ol\u00edmpico eldense Jos\u00e9 Quiles volver\u00e1 a subirse al ring este s\u00e1bado 2 de mayo en la Copa Presidente de boxeo, que se celebrar\u00e1 en el pabell\u00f3n Gin\u00e9s Alenda de San Vicente del Raspeig. La cita, con entrada libre, comenzar\u00e1 a las 19.00 h y contar\u00e1 con los mejores p\u00fagiles del panorama nacional en categor\u00eda \u00e9lite masculina.<\/p>  <p>Quiles afronta este combate como un punto de inflexi\u00f3n en su carrera. Tras su participaci\u00f3n en los Juegos Ol\u00edmpicos de Par\u00eds 2024, donde se qued\u00f3 a las puertas de la medalla, el p\u00f1ugil ha reconocido en el programa SER Deportivos Elda Vinalop\u00f3 de Radio Elda &#8211; Cadena SER, haber atravesado un periodo personal muy complicado que le alej\u00f3 temporalmente del boxeo y de su rutina diaria.<\/p>  <p>El ol\u00edmpico de Elda ha explicado que la frustraci\u00f3n por no alcanzar su objetivo ol\u00edmpico, tras m\u00e1s de una d\u00e9cada de sacrificio, le llev\u00f3 a perder la motivaci\u00f3n no solo en el deporte, sino tambi\u00e9n en su vida personal. Durante varios meses, permaneci\u00f3 alejado de los entrenamientos y de su entorno m\u00e1s cercano, hasta que decidi\u00f3 pedir ayuda profesional.<\/p>  <p>El apoyo de su pareja, su familia y su c\u00edrculo cercano fue clave para dar el paso de acudir a un psic\u00f3logo y comenzar un proceso de recuperaci\u00f3n. Quiles asegura que ahora se encuentra \u201ccontento, feliz y con ganas de disfrutar\u201d, tanto dentro como fuera del ring, y destaca la importancia de normalizar la salud mental en el deporte.<\/p>  <p>El combate del s\u00e1bado tendr\u00e1 adem\u00e1s un componente especial, ya que marcar\u00e1 su regreso al boxeo profesional ante el moldavo Iv\u00e1n Guboglo, un rival joven al que el espa\u00f1ol espera superar con solvencia. El enfrentamiento est\u00e1 previsto en torno a las 21.00 h, como cierre de la velada.<\/p>  <p>La cita tambi\u00e9n contar\u00e1 con el aliciente de una canci\u00f3n compuesta por el artista eldense Chacoma dedicada al p\u00fagil eldense, titulada \u201cEl chico de la estaci\u00f3n\u201d que se ha estrenado en SER Deportivos Elda &#8211; Vinalop\u00f3 y que podr\u00eda acompa\u00f1ar su salida al ring. El tema, inspirado en su trayectoria y en sus or\u00edgenes, ha emocionado al propio Quiles, que reconoce sentirse arropado por su gente.<\/p>  <p>Aunque la competici\u00f3n no se celebrar\u00e1 en Elda, como en ediciones anteriores, la cercan\u00eda de San Vicente del Raspeig permitir\u00e1 a muchos aficionados acompa\u00f1ar al boxeador en su regreso. Jose Quiles afronta esta nueva etapa con ambici\u00f3n renovada y con el objetivo de volver a disfrutar del boxeo, el deporte que ha marcado su vida.<\/p> ","protected":false},"excerpt":{"rendered":"<p>El boxeador ol\u00edmpico de Elda competir\u00e1 el 2 de mayo en San Vicente del Raspeig, marcando su vuelta tras los Juegos Ol\u00edmpicos de Par\u00eds y una etapa complicada fuera del cuadril\u00e1tero<\/p>\n","protected":false},"author":0,"featured_media":29107,"comment_status":"","ping_status":"","sticky":false,"template":"","format":"standard","meta":{"_acf_changed":false,"footnotes":""},"categories":[15],"tags":[],"class_list":["post-29106","post","type-post","status-publish","format-standard","has-post-thumbnail","hentry","category-deportes"],"acf":{"ser_id":"FF7AVOB6ENBWNABHCGGSOXVFI4","ser_url":"https:\/\/cadenaser.com\/comunitat-valenciana\/2026\/04\/29\/jose-quiles-estoy-contento-feliz-y-con-ganas-de-volver-a-disfrutar-radio-elda\/"},"_links":{"self":[{"href":"https:\/\/serelda.daliisolutions.com\/index.php\/wp-json\/wp\/v2\/posts\/29106","targetHints":{"allow":["GET"]}}],"collection":[{"href":"https:\/\/serelda.daliisolutions.com\/index.php\/wp-json\/wp\/v2\/posts"}],"about":[{"href":"https:\/\/serelda.daliisolutions.com\/index.php\/wp-json\/wp\/v2\/types\/post"}],"replies":[{"embeddable":true,"href":"https:\/\/serelda.daliisolutions.com\/index.php\/wp-json\/wp\/v2\/comments?post=29106"}],"version-history":[{"count":0,"href":"https:\/\/serelda.daliisolutions.com\/index.php\/wp-json\/wp\/v2\/posts\/29106\/revisions"}],"wp:featuredmedia":[{"embeddable":true,"href":"https:\/\/serelda.daliisolutions.com\/index.php\/wp-json\/wp\/v2\/media\/29107"}],"wp:attachment":[{"href":"https:\/\/serelda.daliisolutions.com\/index.php\/wp-json\/wp\/v2\/media?parent=29106"}],"wp:term":[{"taxonomy":"category","embeddable":true,"href":"https:\/\/serelda.daliisolutions.com\/index.php\/wp-json\/wp\/v2\/categories?post=29106"},{"taxonomy":"post_tag","embeddable":true,"href":"https:\/\/serelda.daliisolutions.com\/index.php\/wp-json\/wp\/v2\/tags?post=29106"}],"curies":[{"name":"wp","href":"https:\/\/api.w.org\/{rel}","templated":true}]}}