{"id":29098,"date":"2026-04-30T13:31:24","date_gmt":"2026-04-30T13:31:24","guid":{"rendered":"https:\/\/serelda.daliisolutions.com\/index.php\/2026\/04\/30\/elda-se-prepara-para-vivir-un-fin-de-semana-historico-con-la-fase-de-ascenso-de-balonmano-masculino\/"},"modified":"2026-04-30T13:31:24","modified_gmt":"2026-04-30T13:31:24","slug":"elda-se-prepara-para-vivir-un-fin-de-semana-historico-con-la-fase-de-ascenso-de-balonmano-masculino","status":"publish","type":"post","link":"https:\/\/serelda.daliisolutions.com\/index.php\/2026\/04\/30\/elda-se-prepara-para-vivir-un-fin-de-semana-historico-con-la-fase-de-ascenso-de-balonmano-masculino\/","title":{"rendered":"Elda se prepara para vivir un fin de semana hist\u00f3rico con la fase de ascenso de balonmano masculino"},"content":{"rendered":" <p>El Ayuntamiento de Elda y el Bm. Elda &#8211; C.E.E. han presentado oficialmente la organizaci\u00f3n del Grupo 2 de la fase de ascenso a la Divisi\u00f3n de Honor Plata de balonmano masculino, que se celebrar\u00e1 los d\u00edas 8, 9 y 10 de mayo en el pabell\u00f3n Ciudad de Elda\u2013Florentino Ib\u00e1\u00f1ez. En el acto ha participado el edil de Deportes de Elda, Enrique Quilez, y del club, junto a miembros del cuerpo t\u00e9cnico, como Gede\u00f3n Guardiola y el director deportivo Antonio Mateo, adem\u00e1s de Manuel Pastor, incorporado para reforzar la organizaci\u00f3n del evento.<\/p>  <p>Durante la comparecencia se ha destacado la importancia de que la ciudad acoja esta cita deportiva, que convertir\u00e1 a Elda en epicentro nacional del balonmano durante ese fin de semana. El pabell\u00f3n elegido ha sido valorado por su capacidad, su cercan\u00eda y su trayectoria en la celebraci\u00f3n de grandes acontecimientos deportivos desde su inauguraci\u00f3n hace 25 a\u00f1os.<\/p>  <p>La organizaci\u00f3n ha subrayado el trabajo realizado para preparar un evento que re\u00fana todas las garant\u00edas a nivel deportivo, log\u00edstico e infraestructural. Se ha habilitado una p\u00e1gina web, www.fasedeascensoaplata.com, con informaci\u00f3n sobre la ciudad, el pabell\u00f3n, los equipos, los abonos y la prensa, adem\u00e1s de puntos de venta f\u00edsicos para la adquisici\u00f3n de entradas y abonos.<\/p>  <img src='https:\/\/cloudfront-eu-central-1.images.arcpublishing.com\/prisaradio\/VFKKESIFAND5PNWPMLPM2F5P2M.png' alt='Cartel de la fase de ascenso' \/>  <p>Desde el equipo organizador se ha hecho un llamamiento a la ciudadan\u00eda para que acuda al evento, destacando el car\u00e1cter accesible de los precios. La entrada diaria tendr\u00e1 un coste de 10 euros para dos partidos, mientras que el abono para toda la fase ser\u00e1 de 20 euros, incluyendo seis encuentros, con el objetivo de facilitar la asistencia y fomentar la participaci\u00f3n.<\/p>  <p>En el plano deportivo, se ha puesto en valor la temporada realizada por el equipo del Centro Excursionista Eldense, formado en gran parte por jugadores de Elda y la comarca, junto a refuerzos de otras procedencias. Tambi\u00e9n se ha se\u00f1alado el alto nivel de los rivales en la fase de ascenso, lo que anticipa una competici\u00f3n exigente y de gran nivel.<\/p>  <p>El entrenador Gede\u00f3n Guardiola ha agradecido el apoyo institucional, de la directiva y de los patrocinadores, y ha animado a la afici\u00f3n a llenar las gradas durante los tres d\u00edas de competici\u00f3n. Ha se\u00f1alado que el equipo llega con ilusi\u00f3n y preparado para competir, confiando en que el respaldo del p\u00fablico sea un factor clave en la lucha por el ascenso.<\/p> ","protected":false},"excerpt":{"rendered":"<p>El pabell\u00f3n Ciudad de Elda\u2013Florentino Ib\u00e1\u00f1ez acoger\u00e1 del 8 al 10 de mayo una cita decisiva con los mejores equipos del pa\u00eds en juego por el ascenso de categor\u00eda.<\/p>\n","protected":false},"author":0,"featured_media":29099,"comment_status":"","ping_status":"","sticky":false,"template":"","format":"standard","meta":{"_acf_changed":false,"footnotes":""},"categories":[15],"tags":[],"class_list":["post-29098","post","type-post","status-publish","format-standard","has-post-thumbnail","hentry","category-deportes"],"acf":{"ser_id":"PFGJA5DS5VDRJBJWZA3ZLU5PQM","ser_url":"https:\/\/cadenaser.com\/comunitat-valenciana\/2026\/04\/30\/elda-se-prepara-para-vivir-un-fin-de-semana-historico-con-la-fase-de-ascenso-de-balonmano-masculino-radio-elda\/"},"_links":{"self":[{"href":"https:\/\/serelda.daliisolutions.com\/index.php\/wp-json\/wp\/v2\/posts\/29098","targetHints":{"allow":["GET"]}}],"collection":[{"href":"https:\/\/serelda.daliisolutions.com\/index.php\/wp-json\/wp\/v2\/posts"}],"about":[{"href":"https:\/\/serelda.daliisolutions.com\/index.php\/wp-json\/wp\/v2\/types\/post"}],"replies":[{"embeddable":true,"href":"https:\/\/serelda.daliisolutions.com\/index.php\/wp-json\/wp\/v2\/comments?post=29098"}],"version-history":[{"count":0,"href":"https:\/\/serelda.daliisolutions.com\/index.php\/wp-json\/wp\/v2\/posts\/29098\/revisions"}],"wp:featuredmedia":[{"embeddable":true,"href":"https:\/\/serelda.daliisolutions.com\/index.php\/wp-json\/wp\/v2\/media\/29099"}],"wp:attachment":[{"href":"https:\/\/serelda.daliisolutions.com\/index.php\/wp-json\/wp\/v2\/media?parent=29098"}],"wp:term":[{"taxonomy":"category","embeddable":true,"href":"https:\/\/serelda.daliisolutions.com\/index.php\/wp-json\/wp\/v2\/categories?post=29098"},{"taxonomy":"post_tag","embeddable":true,"href":"https:\/\/serelda.daliisolutions.com\/index.php\/wp-json\/wp\/v2\/tags?post=29098"}],"curies":[{"name":"wp","href":"https:\/\/api.w.org\/{rel}","templated":true}]}}