{"id":29096,"date":"2026-04-30T13:31:24","date_gmt":"2026-04-30T13:31:24","guid":{"rendered":"https:\/\/serelda.daliisolutions.com\/index.php\/2026\/04\/30\/claudio-barragan-el-del-marbella-va-a-ser-un-partido-de-tu-a-tu\/"},"modified":"2026-04-30T13:31:24","modified_gmt":"2026-04-30T13:31:24","slug":"claudio-barragan-el-del-marbella-va-a-ser-un-partido-de-tu-a-tu","status":"publish","type":"post","link":"https:\/\/serelda.daliisolutions.com\/index.php\/2026\/04\/30\/claudio-barragan-el-del-marbella-va-a-ser-un-partido-de-tu-a-tu\/","title":{"rendered":"Claudio Barrag\u00e1n: \u00abEl del Marbella va a ser un partido de t\u00fa a t\u00fa\u00bb"},"content":{"rendered":" <p>El entrenador del Eldense, Claudio Barrag\u00e1n, ha comparecido en rueda de prensa para valorar la semana de trabajo tras la derrota en Antequera y la importancia del pr\u00f3ximo encuentro ante el Marbella. El t\u00e9cnico ha reconocido que los primeros d\u00edas tras la derrota fueron complicados, especialmente por la forma en la que se produjo, aunque insiste en que el equipo ha reaccionado bien y ha entrenado con intensidad.<\/p>  <p>Barrag\u00e1n destaca que la plantilla llega en buen estado f\u00edsico al tramo final de la temporada y asegura que las sensaciones en los entrenamientos han sido positivas. El cuerpo t\u00e9cnico ha analizado el \u00faltimo partido junto a los jugadores, detectando errores que no deben repetirse, especialmente en el apartado defensivo, donde el equipo ha concedido m\u00e1s de lo habitual en las \u00faltimas jornadas.<\/p>  <p>Con cuatro partidos por disputarse, el entrenador resta dramatismo a la p\u00e9rdida del liderato y pone el foco en asegurar el playoff. En ese sentido, se\u00f1ala que \u00abuna victoria ante el Marbella supondr\u00eda un paso casi definitivo hacia ese objetivo\u00bb, aunque evita hacer c\u00e1lculos y prefiere centrarse en el rendimiento inmediato del equipo.<\/p>  <p>Sobre el rival, Claudio Barrag\u00e1n advierte que \u00abser\u00e1 un encuentro exigente\u00bb. A pesar de la situaci\u00f3n clasificatoria del Marbella, subraya que \u00abse trata de un equipo competitivo, con jugadores experimentados y en plena lucha por la permanencia\u00bb a\u00f1adiendo que \u00abva a ser un partido de t\u00fa a t\u00fa\u201d, e insiste en que no espera a un rival replegado, sino a uno que asumir\u00e1 riesgos.<\/p>  <p>El t\u00e9cnico tambi\u00e9n ha abordado aspectos concretos como la mejora en las acciones a bal\u00f3n parado en defensa, tras encajar goles similares en jornadas recientes. Adem\u00e1s, confirma que el equipo tiene algunos jugadores con molestias f\u00edsicas, mientras que otros, como Quintanilla, ya se han reincorporado al grupo. En el caso de Robert Ib\u00e1\u00f1ez, explica que contin\u00faa con su recuperaci\u00f3n sin prisas.<\/p>  <p>Por \u00faltimo, Claudio Barrag\u00e1n lanza un mensaje a la afici\u00f3n, apelando a la unidad en este momento decisivo de la temporada. El entrenador recuerda que el equipo sigue en una posici\u00f3n privilegiada y conf\u00eda en pelear hasta el final por el ascenso, \u00abya sea de forma directa o a trav\u00e9s del playoff\u00bb.<\/p> ","protected":false},"excerpt":{"rendered":"<p>El t\u00e9cnico del Eldense analiza el duelo clave ante el Marbella y pide mantener la identidad del equipo en el tramo final<\/p>\n","protected":false},"author":0,"featured_media":29097,"comment_status":"","ping_status":"","sticky":false,"template":"","format":"standard","meta":{"_acf_changed":false,"footnotes":""},"categories":[15],"tags":[],"class_list":["post-29096","post","type-post","status-publish","format-standard","has-post-thumbnail","hentry","category-deportes"],"acf":{"ser_id":"7GCKZSBYSBDMNDEO26JXS62ROI","ser_url":"https:\/\/cadenaser.com\/comunitat-valenciana\/2026\/04\/30\/claudio-barragan-el-del-marbella-va-a-ser-un-partido-de-tu-a-tu-radio-elda\/"},"_links":{"self":[{"href":"https:\/\/serelda.daliisolutions.com\/index.php\/wp-json\/wp\/v2\/posts\/29096","targetHints":{"allow":["GET"]}}],"collection":[{"href":"https:\/\/serelda.daliisolutions.com\/index.php\/wp-json\/wp\/v2\/posts"}],"about":[{"href":"https:\/\/serelda.daliisolutions.com\/index.php\/wp-json\/wp\/v2\/types\/post"}],"replies":[{"embeddable":true,"href":"https:\/\/serelda.daliisolutions.com\/index.php\/wp-json\/wp\/v2\/comments?post=29096"}],"version-history":[{"count":0,"href":"https:\/\/serelda.daliisolutions.com\/index.php\/wp-json\/wp\/v2\/posts\/29096\/revisions"}],"wp:featuredmedia":[{"embeddable":true,"href":"https:\/\/serelda.daliisolutions.com\/index.php\/wp-json\/wp\/v2\/media\/29097"}],"wp:attachment":[{"href":"https:\/\/serelda.daliisolutions.com\/index.php\/wp-json\/wp\/v2\/media?parent=29096"}],"wp:term":[{"taxonomy":"category","embeddable":true,"href":"https:\/\/serelda.daliisolutions.com\/index.php\/wp-json\/wp\/v2\/categories?post=29096"},{"taxonomy":"post_tag","embeddable":true,"href":"https:\/\/serelda.daliisolutions.com\/index.php\/wp-json\/wp\/v2\/tags?post=29096"}],"curies":[{"name":"wp","href":"https:\/\/api.w.org\/{rel}","templated":true}]}}