{"id":29092,"date":"2026-04-30T13:31:23","date_gmt":"2026-04-30T13:31:23","guid":{"rendered":"https:\/\/serelda.daliisolutions.com\/index.php\/2026\/04\/30\/petrer-las-fiestas-de-la-santa-cruz-regresan-del-1-al-3-de-mayo-con-mas-participacion-y-nuevas-propuestas\/"},"modified":"2026-04-30T13:31:23","modified_gmt":"2026-04-30T13:31:23","slug":"petrer-las-fiestas-de-la-santa-cruz-regresan-del-1-al-3-de-mayo-con-mas-participacion-y-nuevas-propuestas","status":"publish","type":"post","link":"https:\/\/serelda.daliisolutions.com\/index.php\/2026\/04\/30\/petrer-las-fiestas-de-la-santa-cruz-regresan-del-1-al-3-de-mayo-con-mas-participacion-y-nuevas-propuestas\/","title":{"rendered":"Petrer: las fiestas de la Santa Cruz regresan del 1 al 3 de mayo con m\u00e1s participaci\u00f3n y nuevas propuestas"},"content":{"rendered":" <p>Las fiestas de la Santa Cruz volver\u00e1n a llenar de ambiente festero las calles de Petrer del 1 al 3 de mayo con una programaci\u00f3n pensada para todos los p\u00fablicos. La edici\u00f3n de este a\u00f1o combina actos tradicionales, actividades populares y nuevas propuestas con el objetivo de reforzar la participaci\u00f3n y ampliar el alcance de una celebraci\u00f3n profundamente arraigada en el municipio. <\/p>  <p>El presidente de la Comisi\u00f3n de Fiestas, Gaspar Barrachina, repas\u00f3 en Hoy por Hoy Elda Vinalop\u00f3 los principales detalles de una programaci\u00f3n que, seg\u00fan explic\u00f3, busca consolidar la apertura de la fiesta a toda la localidad. \u201cQuer\u00eda unas fiestas m\u00e1s participativas e inclusivas, unas fiestas de todos y para todos, unas fiestas de Petrer y para Petrer\u201d, asegur\u00f3. Barrachina, que lleva cuatro a\u00f1os al frente de la comisi\u00f3n, destac\u00f3 adem\u00e1s el v\u00ednculo emocional que mantiene con estas celebraciones, estrechamente ligado a su familia y al barrio de la Santa Cruz. \u201cTodo lo que hago en las fiestas es por mi abuela Teresa, que siempre las am\u00f3 much\u00edsimo\u201d, record\u00f3. <\/p>  <img src='https:\/\/cloudfront-eu-central-1.images.arcpublishing.com\/prisaradio\/PTNXRUM3YJHD7GLZVBVMHZPUWQ.jpg' alt='' \/>  <p>Uno de los actos centrales ser\u00e1 la ofrenda de flores, prevista para el viernes 1 de mayo a las 18.30 horas desde la Plaza Joan Fuster. La organizaci\u00f3n ha apostado este a\u00f1o por ampliar la participaci\u00f3n invitando a colectivos festivos y religiosos de otros municipios. \u201cEl objetivo era recuperar participaci\u00f3n porque ve\u00edamos que la ofrenda iba perdiendo fuerza\u201d, explic\u00f3 Barrachina. En esta edici\u00f3n participar\u00e1n mayordom\u00edas, cofrad\u00edas y entidades invitadas que desfilar\u00e1n con estandartes y aportaciones florales, con la intenci\u00f3n de convertir el acto \u201cen uno de los m\u00e1s multitudinarios de los \u00faltimos a\u00f1os\u201d. <\/p>  <img src='https:\/\/cloudfront-eu-central-1.images.arcpublishing.com\/prisaradio\/XR37UMEKNNDEJJRH22GKETZKXU.jpg' alt='' \/>  <p>La jornada inaugural incluir\u00e1 adem\u00e1s un concurso de talentos, una de las novedades del programa. La propuesta contar\u00e1 con once participantes y doce actuaciones que abarcar\u00e1n m\u00fasica, baile, mon\u00f3logos e interpretaci\u00f3n. Tambi\u00e9n se celebrar\u00e1 el tradicional concurso de gachamigas, acompa\u00f1ado de una oferta gastron\u00f3mica popular. <\/p>  <p>El s\u00e1bado 2 de mayo estar\u00e1 marcado por la gran cabalgata, que partir\u00e1 a las 19.00 horas desde el colegio Rambla dels Molins. El desfile volver\u00e1 a recorrer las calles del barrio con m\u00fasica en directo, animaci\u00f3n y reparto de obsequios. <\/p>  <p>\u201cCada a\u00f1o intentamos que la cabalgata tenga algo especial\u201d, se\u00f1al\u00f3 el presidente, quien destac\u00f3 la participaci\u00f3n de varias agrupaciones musicales y colectivos invitados. <\/p>  <p>Tras la cabalgata llegar\u00e1 el Santa Cruz Sound Festival, una cita musical nocturna que se desarrollar\u00e1 en la Plaza Joan Fuster y que incluir\u00e1 sesiones de DJ y animaci\u00f3n hasta la madrugada. <\/p>  <p>El domingo 3 de mayo, festividad de la Santa Cruz, reunir\u00e1 los actos de car\u00e1cter m\u00e1s tradicional y religioso. La jornada comenzar\u00e1 con salvas matinales y la recogida de reinas y damas, seguida de la misa solemne a las 12.00 horas. <\/p>  <p>Uno de los momentos destacados ser\u00e1 la presencia del obispo de la di\u00f3cesis de Orihuela-Alicante, Jos\u00e9 Ignacio Munilla, que presidir\u00e1 la ceremonia religiosa. \u201cPara nosotros es un orgullo que nos acompa\u00f1e en una fecha tan importante\u201d, afirm\u00f3 Barrachina. Tras la misa tendr\u00e1 lugar la masclet\u00e1, uno de los actos con mayor asistencia popular, y por la tarde la tradicional procesi\u00f3n, que volver\u00e1 a reunir a representantes festivos de diferentes localidades. <\/p>  <p>El presidente de la comisi\u00f3n invit\u00f3 a vecinos y visitantes a acercarse a unas fiestas que considera parte esencial de la identidad del barrio y del municipio. \u201cQuien viene, repite\u201d, concluy\u00f3.<\/p> ","protected":false},"excerpt":{"rendered":"<p>La programaci\u00f3n incorpora un concurso de talentos, refuerza la ofrenda con colectivos invitados y mantiene actos tradicionales como la cabalgata, la misa solemne y la procesi\u00f3n <\/p>\n","protected":false},"author":0,"featured_media":29093,"comment_status":"","ping_status":"","sticky":false,"template":"","format":"standard","meta":{"_acf_changed":false,"footnotes":""},"categories":[1],"tags":[],"class_list":["post-29092","post","type-post","status-publish","format-standard","has-post-thumbnail","hentry","category-app-de-ser-elda"],"acf":{"ser_id":"37IKFUDCWFBKFPDNFA2XXAHRJI","ser_url":"https:\/\/cadenaser.com\/comunitat-valenciana\/2026\/04\/30\/petrer-las-fiestas-de-la-santa-cruz-regresan-del-1-al-3-de-mayo-con-mas-participacion-y-nuevas-propuestas-radio-elda\/"},"_links":{"self":[{"href":"https:\/\/serelda.daliisolutions.com\/index.php\/wp-json\/wp\/v2\/posts\/29092","targetHints":{"allow":["GET"]}}],"collection":[{"href":"https:\/\/serelda.daliisolutions.com\/index.php\/wp-json\/wp\/v2\/posts"}],"about":[{"href":"https:\/\/serelda.daliisolutions.com\/index.php\/wp-json\/wp\/v2\/types\/post"}],"replies":[{"embeddable":true,"href":"https:\/\/serelda.daliisolutions.com\/index.php\/wp-json\/wp\/v2\/comments?post=29092"}],"version-history":[{"count":0,"href":"https:\/\/serelda.daliisolutions.com\/index.php\/wp-json\/wp\/v2\/posts\/29092\/revisions"}],"wp:featuredmedia":[{"embeddable":true,"href":"https:\/\/serelda.daliisolutions.com\/index.php\/wp-json\/wp\/v2\/media\/29093"}],"wp:attachment":[{"href":"https:\/\/serelda.daliisolutions.com\/index.php\/wp-json\/wp\/v2\/media?parent=29092"}],"wp:term":[{"taxonomy":"category","embeddable":true,"href":"https:\/\/serelda.daliisolutions.com\/index.php\/wp-json\/wp\/v2\/categories?post=29092"},{"taxonomy":"post_tag","embeddable":true,"href":"https:\/\/serelda.daliisolutions.com\/index.php\/wp-json\/wp\/v2\/tags?post=29092"}],"curies":[{"name":"wp","href":"https:\/\/api.w.org\/{rel}","templated":true}]}}