{"id":29090,"date":"2026-04-30T13:31:22","date_gmt":"2026-04-30T13:31:22","guid":{"rendered":"https:\/\/serelda.daliisolutions.com\/index.php\/2026\/04\/30\/el-certamen-de-musica-de-moros-y-cristianos-de-elda-recupera-su-caracter-competitivo-en-su-38a-edicion\/"},"modified":"2026-04-30T13:31:22","modified_gmt":"2026-04-30T13:31:22","slug":"el-certamen-de-musica-de-moros-y-cristianos-de-elda-recupera-su-caracter-competitivo-en-su-38a-edicion","status":"publish","type":"post","link":"https:\/\/serelda.daliisolutions.com\/index.php\/2026\/04\/30\/el-certamen-de-musica-de-moros-y-cristianos-de-elda-recupera-su-caracter-competitivo-en-su-38a-edicion\/","title":{"rendered":"El Certamen de M\u00fasica de Moros y Cristianos de Elda recupera su car\u00e1cter competitivo en su 38\u00aa edici\u00f3n"},"content":{"rendered":" <p>El Certamen de M\u00fasica de Moros y Cristianos celebra este pr\u00f3ximo s\u00e1bado, 2 de mayo de 2026, su 38\u00aa edici\u00f3n en el Teatro Castelar de Elda, recuperando su car\u00e1cter competitivo y consolid\u00e1ndose como una de las citas musicales m\u00e1s destacadas dentro del \u00e1mbito festero.<\/p>  <img src='https:\/\/cloudfront-eu-central-1.images.arcpublishing.com\/prisaradio\/X57YLHJ7PVCT5GUVU5MUJFHGRE.jpg' alt='' \/>  <p>En esta edici\u00f3n, las bandas participantes deber\u00e1n interpretar como pieza obligatoria una marcha cristiana, mientras que la obra de libre elecci\u00f3n ser\u00e1 un pasodoble o una marcha mora. Como principal novedad, cada agrupaci\u00f3n incorporar\u00e1 adem\u00e1s una obra de presentaci\u00f3n, con una duraci\u00f3n m\u00e1xima de cuatro minutos, lo que eleva a tres las interpretaciones de cada banda durante el certamen.<\/p>  <p>El orden de actuaci\u00f3n establecido es el siguiente: la Uni\u00f3 Protectora Musical de Llombai abrir\u00e1 el concurso, seguida por la Sociedad Musical \u201cLa Amistad\u201d de Villafranqueza y la Agrupaci\u00f3n Musical \u201cLa Art\u00edstica\u201d de Mon\u00f3var.<\/p>  <p>Fuera de concurso participar\u00e1 la AMCE Santa Cecilia, que se sumar\u00e1 a la jornada aportando un aliciente adicional a un evento de gran inter\u00e9s tanto para int\u00e9rpretes como para aficionados a la m\u00fasica festera.<\/p>  <p>La obra obligada de esta edici\u00f3n ser\u00e1 la marcha cristiana \u00abAlardo de Oro\u00bb, compuesta por I\u00f1aki Lekumberri Camps, una pieza elegida con motivo del 50 aniversario de la Comisi\u00f3n de Alardos y Embajadas, lo que aporta un marcado car\u00e1cter conmemorativo al certamen.<\/p>  <p>El Certamen de M\u00fasica de Moros y Cristianos de Elda vuelve as\u00ed a poner en valor el papel fundamental de las bandas de m\u00fasica en la fiesta, reafirm\u00e1ndose como un espacio de encuentro, difusi\u00f3n y excelencia musical.<\/p> ","protected":false},"excerpt":{"rendered":"<p>El Certamen de M\u00fasica de Moros y Cristianos celebra este pr\u00f3ximo s\u00e1bado, 2 de mayo de 2026, su 38\u00aa edici\u00f3n en el Teatro Castelar de Elda, recuperando su car\u00e1cter competitivo y consolid\u00e1ndose como una de las citas musicales m\u00e1s destacadas dentro del \u00e1mbito festero. En esta edici\u00f3n, las bandas participantes deber\u00e1n interpretar como pieza obligatoria [&hellip;]<\/p>\n","protected":false},"author":0,"featured_media":29091,"comment_status":"","ping_status":"","sticky":false,"template":"","format":"standard","meta":{"_acf_changed":false,"footnotes":""},"categories":[1],"tags":[],"class_list":["post-29090","post","type-post","status-publish","format-standard","has-post-thumbnail","hentry","category-app-de-ser-elda"],"acf":{"ser_id":"63NO5RYTOZEUDAGXLQIVC57H7E","ser_url":"https:\/\/cadenaser.com\/comunitat-valenciana\/2026\/04\/30\/el-certamen-de-musica-de-moros-y-cristianos-de-elda-recupera-su-caracter-competitivo-en-su-38-edicion-radio-elda\/"},"_links":{"self":[{"href":"https:\/\/serelda.daliisolutions.com\/index.php\/wp-json\/wp\/v2\/posts\/29090","targetHints":{"allow":["GET"]}}],"collection":[{"href":"https:\/\/serelda.daliisolutions.com\/index.php\/wp-json\/wp\/v2\/posts"}],"about":[{"href":"https:\/\/serelda.daliisolutions.com\/index.php\/wp-json\/wp\/v2\/types\/post"}],"replies":[{"embeddable":true,"href":"https:\/\/serelda.daliisolutions.com\/index.php\/wp-json\/wp\/v2\/comments?post=29090"}],"version-history":[{"count":0,"href":"https:\/\/serelda.daliisolutions.com\/index.php\/wp-json\/wp\/v2\/posts\/29090\/revisions"}],"wp:featuredmedia":[{"embeddable":true,"href":"https:\/\/serelda.daliisolutions.com\/index.php\/wp-json\/wp\/v2\/media\/29091"}],"wp:attachment":[{"href":"https:\/\/serelda.daliisolutions.com\/index.php\/wp-json\/wp\/v2\/media?parent=29090"}],"wp:term":[{"taxonomy":"category","embeddable":true,"href":"https:\/\/serelda.daliisolutions.com\/index.php\/wp-json\/wp\/v2\/categories?post=29090"},{"taxonomy":"post_tag","embeddable":true,"href":"https:\/\/serelda.daliisolutions.com\/index.php\/wp-json\/wp\/v2\/tags?post=29090"}],"curies":[{"name":"wp","href":"https:\/\/api.w.org\/{rel}","templated":true}]}}