{"id":29088,"date":"2026-04-30T13:31:22","date_gmt":"2026-04-30T13:31:22","guid":{"rendered":"https:\/\/serelda.daliisolutions.com\/index.php\/2026\/04\/30\/elda-y-comarca-tendran-un-puente-con-mas-nubes-acompanadas-de-precipitaciones\/"},"modified":"2026-04-30T13:31:22","modified_gmt":"2026-04-30T13:31:22","slug":"elda-y-comarca-tendran-un-puente-con-mas-nubes-acompanadas-de-precipitaciones","status":"publish","type":"post","link":"https:\/\/serelda.daliisolutions.com\/index.php\/2026\/04\/30\/elda-y-comarca-tendran-un-puente-con-mas-nubes-acompanadas-de-precipitaciones\/","title":{"rendered":"Elda y comarca tendr\u00e1n un puente con m\u00e1s nubes acompa\u00f1adas de precipitaciones"},"content":{"rendered":" <p>Tiempo que tiende a estabilizarse en el territorio peninsular, con nubosidad que ir\u00e1 a menos con las horas. A partir de ma\u00f1ana esperamos que en la mitad este aumente la inestabilidad y es probable que se mantenga durante el fin de semana. Seguimos con temperaturas por encima de lo normal para la \u00e9poca del a\u00f1o en nuestra comarca aunque descender\u00e1n durante el fin de semana y se inestabiliza la atm\u00f3sfera. Este jueves disfrutaremos de tiempo estable y temperaturas altas, rondando los 25c de m\u00e1xima en una jornada que ir\u00e1 de intervalos nubosos a cielos nubosos, no descartamos lluvia d\u00e9bil y vientos que ir\u00e1n ganando la componente mar\u00edtima. Desde el viernes se inestabiliza algo la atm\u00f3sfera en la mitad oriental y nos descartamos precipitaciones, incluso podr\u00edan venir acompa\u00f1adas de tormenta, adem\u00e1s en forma de barro por la alta concentraci\u00f3n de polvo en suspensi\u00f3n. Temperaturas en descenso y vientos mar\u00edtimos como predominantes.<\/p> ","protected":false},"excerpt":{"rendered":"<p>Este jueves se espera tiempo estable aunque de cara a la tarde ir\u00e1 cambiando <\/p>\n","protected":false},"author":0,"featured_media":29089,"comment_status":"","ping_status":"","sticky":false,"template":"","format":"standard","meta":{"_acf_changed":false,"footnotes":""},"categories":[1],"tags":[],"class_list":["post-29088","post","type-post","status-publish","format-standard","has-post-thumbnail","hentry","category-app-de-ser-elda"],"acf":{"ser_id":"NLHLVYLYLZAINCFSMOMPVI6YYQ","ser_url":"https:\/\/cadenaser.com\/comunitat-valenciana\/2026\/04\/30\/elda-y-comarca-tendran-un-puente-con-mas-nubes-acompanadas-de-precipitaciones-radio-elda\/"},"_links":{"self":[{"href":"https:\/\/serelda.daliisolutions.com\/index.php\/wp-json\/wp\/v2\/posts\/29088","targetHints":{"allow":["GET"]}}],"collection":[{"href":"https:\/\/serelda.daliisolutions.com\/index.php\/wp-json\/wp\/v2\/posts"}],"about":[{"href":"https:\/\/serelda.daliisolutions.com\/index.php\/wp-json\/wp\/v2\/types\/post"}],"replies":[{"embeddable":true,"href":"https:\/\/serelda.daliisolutions.com\/index.php\/wp-json\/wp\/v2\/comments?post=29088"}],"version-history":[{"count":0,"href":"https:\/\/serelda.daliisolutions.com\/index.php\/wp-json\/wp\/v2\/posts\/29088\/revisions"}],"wp:featuredmedia":[{"embeddable":true,"href":"https:\/\/serelda.daliisolutions.com\/index.php\/wp-json\/wp\/v2\/media\/29089"}],"wp:attachment":[{"href":"https:\/\/serelda.daliisolutions.com\/index.php\/wp-json\/wp\/v2\/media?parent=29088"}],"wp:term":[{"taxonomy":"category","embeddable":true,"href":"https:\/\/serelda.daliisolutions.com\/index.php\/wp-json\/wp\/v2\/categories?post=29088"},{"taxonomy":"post_tag","embeddable":true,"href":"https:\/\/serelda.daliisolutions.com\/index.php\/wp-json\/wp\/v2\/tags?post=29088"}],"curies":[{"name":"wp","href":"https:\/\/api.w.org\/{rel}","templated":true}]}}