{"id":29082,"date":"2026-04-30T13:31:19","date_gmt":"2026-04-30T13:31:19","guid":{"rendered":"https:\/\/serelda.daliisolutions.com\/index.php\/2026\/04\/30\/la-emblematica-plaza-de-baix-de-petrer-se-inaugura-tras-diez-meses-de-obras-el-proyecto-dignifica-el-casco-historico\/"},"modified":"2026-04-30T13:31:19","modified_gmt":"2026-04-30T13:31:19","slug":"la-emblematica-plaza-de-baix-de-petrer-se-inaugura-tras-diez-meses-de-obras-el-proyecto-dignifica-el-casco-historico","status":"publish","type":"post","link":"https:\/\/serelda.daliisolutions.com\/index.php\/2026\/04\/30\/la-emblematica-plaza-de-baix-de-petrer-se-inaugura-tras-diez-meses-de-obras-el-proyecto-dignifica-el-casco-historico\/","title":{"rendered":"La emblem\u00e1tica Plaza de Baix de Petrer se inaugura tras diez meses de obras: \u00abEl proyecto dignifica el casco hist\u00f3rico\u00bb"},"content":{"rendered":" <p>La hist\u00f3rica Plaza de Baix de Petrer, coraz\u00f3n del municipio que ha latido bajo diversos nombres desde el siglo XVII, inaugura esta tarde una ambiciosa remodelaci\u00f3n que busca devolverle su papel como centro neur\u00e1lgico de la localidad. Este espacio, que a lo largo de los siglos ha albergado desde mercados y escuelas hasta un refugio antia\u00e9reo, se presenta ahora como un entorno renovado tras diez meses de trabajos intensos. <\/p>  <p>Durante una entrevista en el programa Hoy por Hoy Elda Vinalop\u00f3, la alcaldesa Irene Navarro ha destacado que esta obra representa la \u00abconclusi\u00f3n de un proyecto de dignificar y de revitalizar el casco antiguo\u00bb, conectando la plaza con las anteriores reformas de la zona del Luvi y la calle Gabriel Pay\u00e1. <\/p>  <p>El proyecto ha contado con una inversi\u00f3n de 1,7 millones de euros apoyada por la Diputaci\u00f3n de Alicante, enfocada en transformar una est\u00e9tica que se hab\u00eda quedado obsoleta. Seg\u00fan ha explicado el concejal de Urbanismo, David Morcillo, la nueva configuraci\u00f3n permite ganar un \u00abcuarenta por ciento de zona peatonal\u00bb al eliminarse los viales laterales y las aceras antiguas, creando una plaza \u00aba la altura de la ciudad que somos\u00bb. <\/p>  <p>Entre las novedades m\u00e1s visibles se encuentra una gran estructura de toldos para proporcionar sombra durante los meses de verano y una fuente iluminada que recupera la tradici\u00f3n de los a\u00f1os setenta, adapt\u00e1ndola a la modernidad actual. <\/p>  <p>M\u00e1s all\u00e1 de la superficie, la reforma ha permitido poner en valor el patrimonio arqueol\u00f3gico del municipio mediante la recreaci\u00f3n a pie de plaza de los mosaicos romanos hallados durante las excavaciones. <\/p>  <p>Asimismo, se han realizado mejoras cr\u00edticas en el subsuelo, renovando las redes de alcantarillado y pluviales, e incorporando una nueva iluminaci\u00f3n que realza la fachada y la c\u00fapula de la iglesia. <\/p>  <p>Ante la divisi\u00f3n de opiniones vecinales, la alcaldesa ha defendido que el dise\u00f1o respeta la esencia hist\u00f3rica mientras proyecta a Petrer hacia el futuro, asegurando que se trata de una \u00abplaza moderna, por supuesto, que mantiene la esencia y que a\u00fana e integra el pasado, el presente, y por supuesto, el futuro\u00bb. La inauguraci\u00f3n comenzar\u00e1 a las 20:30 horas con m\u00fasica en directo y la apertura excepcional del balc\u00f3n del Ayuntamiento para observar la nueva geometr\u00eda de la plaza.<\/p> ","protected":false},"excerpt":{"rendered":"<p>La alcaldesa, Irene Navarro, y el concejal de Urbanismo, David Morcillo, han presentado en Hoy por Hoy Elda Vinalop\u00f3 los detalles de una reforma en la que se ha invertido 1,7 millones de euros <\/p>\n","protected":false},"author":0,"featured_media":29083,"comment_status":"","ping_status":"","sticky":false,"template":"","format":"standard","meta":{"_acf_changed":false,"footnotes":""},"categories":[1],"tags":[],"class_list":["post-29082","post","type-post","status-publish","format-standard","has-post-thumbnail","hentry","category-app-de-ser-elda"],"acf":{"ser_id":"76K62BZPTBEBVHWUE5JOSBWIM4","ser_url":"https:\/\/cadenaser.com\/comunitat-valenciana\/2026\/04\/30\/la-emblematica-plaza-de-baix-de-petrer-se-inaugura-tras-diez-meses-de-obras-el-proyecto-dignifica-el-casco-historico-radio-elda\/"},"_links":{"self":[{"href":"https:\/\/serelda.daliisolutions.com\/index.php\/wp-json\/wp\/v2\/posts\/29082","targetHints":{"allow":["GET"]}}],"collection":[{"href":"https:\/\/serelda.daliisolutions.com\/index.php\/wp-json\/wp\/v2\/posts"}],"about":[{"href":"https:\/\/serelda.daliisolutions.com\/index.php\/wp-json\/wp\/v2\/types\/post"}],"replies":[{"embeddable":true,"href":"https:\/\/serelda.daliisolutions.com\/index.php\/wp-json\/wp\/v2\/comments?post=29082"}],"version-history":[{"count":0,"href":"https:\/\/serelda.daliisolutions.com\/index.php\/wp-json\/wp\/v2\/posts\/29082\/revisions"}],"wp:featuredmedia":[{"embeddable":true,"href":"https:\/\/serelda.daliisolutions.com\/index.php\/wp-json\/wp\/v2\/media\/29083"}],"wp:attachment":[{"href":"https:\/\/serelda.daliisolutions.com\/index.php\/wp-json\/wp\/v2\/media?parent=29082"}],"wp:term":[{"taxonomy":"category","embeddable":true,"href":"https:\/\/serelda.daliisolutions.com\/index.php\/wp-json\/wp\/v2\/categories?post=29082"},{"taxonomy":"post_tag","embeddable":true,"href":"https:\/\/serelda.daliisolutions.com\/index.php\/wp-json\/wp\/v2\/tags?post=29082"}],"curies":[{"name":"wp","href":"https:\/\/api.w.org\/{rel}","templated":true}]}}