{"id":29080,"date":"2026-04-30T13:31:18","date_gmt":"2026-04-30T13:31:18","guid":{"rendered":"https:\/\/serelda.daliisolutions.com\/index.php\/2026\/04\/30\/mas-de-1-300-efectivos-velaran-por-la-seguridad-en-las-fiestas-de-moros-y-cristianos-de-elda-y-petrer\/"},"modified":"2026-04-30T13:31:18","modified_gmt":"2026-04-30T13:31:18","slug":"mas-de-1-300-efectivos-velaran-por-la-seguridad-en-las-fiestas-de-moros-y-cristianos-de-elda-y-petrer","status":"publish","type":"post","link":"https:\/\/serelda.daliisolutions.com\/index.php\/2026\/04\/30\/mas-de-1-300-efectivos-velaran-por-la-seguridad-en-las-fiestas-de-moros-y-cristianos-de-elda-y-petrer\/","title":{"rendered":"M\u00e1s de 1.300 efectivos velar\u00e1n por la seguridad en las fiestas de Moros y Cristianos de Elda y Petrer"},"content":{"rendered":" <p>Elda y Petrer desplegar\u00e1n un amplio dispositivo de seguridad con m\u00e1s de 1.300 efectivos para garantizar el correcto desarrollo de las fiestas de Moros y Cristianos. La planificaci\u00f3n se ha definido en la Junta Local de Seguridad celebrada en el Ayuntamiento de Petrer, presidida por el subdelegado del Gobierno, Manuel Pineda, y con la participaci\u00f3n de responsables municipales y mandos de los distintos cuerpos policiales y de emergencias. El operativo refuerza la coordinaci\u00f3n entre ambas localidades ante la elevada afluencia de p\u00fablico prevista durante los d\u00edas festivos.<\/p>  <p>En Petrer, el dispositivo contar\u00e1 con m\u00e1s de 500 efectivos de Polic\u00eda Local y Polic\u00eda Nacional, adem\u00e1s de Protecci\u00f3n Civil y Cruz Roja. Se prev\u00e9 el despliegue de unidades especializadas como la UPR en jornadas clave, as\u00ed como vigilancia permanente en zonas de gran afluencia, espacios de feria y venta ambulante. Tambi\u00e9n se incorporan medidas preventivas como la instalaci\u00f3n de barreras de hormig\u00f3n en accesos restringidos y controles sanitarios en puestos de alimentaci\u00f3n, junto a la presencia de agentes especializados en violencia de g\u00e9nero.<\/p>  <p>Por su parte, Elda movilizar\u00e1 m\u00e1s de 850 servicios policiales, con 435 actuaciones de la Polic\u00eda Nacional y 420 de la Polic\u00eda Local, adem\u00e1s de la colaboraci\u00f3n de Protecci\u00f3n Civil, Cruz Roja y Guardia Civil, que asumir\u00e1 el control en los actos de arcabucer\u00eda. El operativo incluir\u00e1 vigilancia tanto uniformada como de paisano en desfiles, cuartelillos y puntos estrat\u00e9gicos. <\/p> ","protected":false},"excerpt":{"rendered":"<p>Ambos municipios coordinan un amplio dispositivo para reforzar la prevenci\u00f3n y garantizar unas celebraciones sin incidencias<\/p>\n","protected":false},"author":0,"featured_media":29081,"comment_status":"","ping_status":"","sticky":false,"template":"","format":"standard","meta":{"_acf_changed":false,"footnotes":""},"categories":[1],"tags":[],"class_list":["post-29080","post","type-post","status-publish","format-standard","has-post-thumbnail","hentry","category-app-de-ser-elda"],"acf":{"ser_id":"UPU42HPARVFZLNXHN7S7W2DZLQ","ser_url":"https:\/\/cadenaser.com\/comunitat-valenciana\/2026\/04\/29\/mas-de-1300-efectivos-velaran-por-la-seguridad-en-las-fiestas-de-moros-y-cristianos-de-elda-y-petrer-radio-elda\/"},"_links":{"self":[{"href":"https:\/\/serelda.daliisolutions.com\/index.php\/wp-json\/wp\/v2\/posts\/29080","targetHints":{"allow":["GET"]}}],"collection":[{"href":"https:\/\/serelda.daliisolutions.com\/index.php\/wp-json\/wp\/v2\/posts"}],"about":[{"href":"https:\/\/serelda.daliisolutions.com\/index.php\/wp-json\/wp\/v2\/types\/post"}],"replies":[{"embeddable":true,"href":"https:\/\/serelda.daliisolutions.com\/index.php\/wp-json\/wp\/v2\/comments?post=29080"}],"version-history":[{"count":0,"href":"https:\/\/serelda.daliisolutions.com\/index.php\/wp-json\/wp\/v2\/posts\/29080\/revisions"}],"wp:featuredmedia":[{"embeddable":true,"href":"https:\/\/serelda.daliisolutions.com\/index.php\/wp-json\/wp\/v2\/media\/29081"}],"wp:attachment":[{"href":"https:\/\/serelda.daliisolutions.com\/index.php\/wp-json\/wp\/v2\/media?parent=29080"}],"wp:term":[{"taxonomy":"category","embeddable":true,"href":"https:\/\/serelda.daliisolutions.com\/index.php\/wp-json\/wp\/v2\/categories?post=29080"},{"taxonomy":"post_tag","embeddable":true,"href":"https:\/\/serelda.daliisolutions.com\/index.php\/wp-json\/wp\/v2\/tags?post=29080"}],"curies":[{"name":"wp","href":"https:\/\/api.w.org\/{rel}","templated":true}]}}