{"id":29078,"date":"2026-04-30T13:31:18","date_gmt":"2026-04-30T13:31:18","guid":{"rendered":"https:\/\/serelda.daliisolutions.com\/index.php\/2026\/04\/30\/elda-para-todas-confirma-el-cese-de-cecilio-esteve-tras-las-acusaciones-internas-por-presuntos-comportamientos-machistas\/"},"modified":"2026-04-30T13:31:18","modified_gmt":"2026-04-30T13:31:18","slug":"elda-para-todas-confirma-el-cese-de-cecilio-esteve-tras-las-acusaciones-internas-por-presuntos-comportamientos-machistas","status":"publish","type":"post","link":"https:\/\/serelda.daliisolutions.com\/index.php\/2026\/04\/30\/elda-para-todas-confirma-el-cese-de-cecilio-esteve-tras-las-acusaciones-internas-por-presuntos-comportamientos-machistas\/","title":{"rendered":"Elda para Todas confirma el cese de Cecilio Esteve tras las acusaciones internas por presuntos comportamientos machistas"},"content":{"rendered":" <p>La coalici\u00f3n municipal Elda para Todas ha hecho p\u00fablico un comunicado despu\u00e9s de las informaciones difundidas por un medio provincial en las que se apunta que Cecilio Esteve, exasesor relacionado con el grupo municipal, habr\u00eda sido suspendido cautelarmente en Podemos por presuntas conductas machistas y situaciones de acoso dentro del \u00e1mbito interno de la formaci\u00f3n pol\u00edtica.<\/p>  <p>Seg\u00fan ha explicado la coalici\u00f3n, formada por Izquierda Unida, Comprom\u00eds y Podemos, no ten\u00edan conocimiento previo de estas acusaciones hasta que fueron publicadas, ya que, seg\u00fan indican, se trata de un asunto que actualmente est\u00e1 siendo analizado por la Comisi\u00f3n de Garant\u00edas de Podemos.<\/p>  <p>Asimismo, detallan que el pasado 30 de marzo recibieron una petici\u00f3n por parte de la direcci\u00f3n de Podemos para proceder al cese de Esteve, aunque, seg\u00fan se\u00f1alan, \u201csin mayor informaci\u00f3n\u201d. El cese oficial como asesor del grupo municipal se formaliz\u00f3 el 16 de abril, fecha desde la que ya no mantiene ninguna vinculaci\u00f3n con el grupo municipal Elda para Todas en el Ayuntamiento de Elda.<\/p>  <p>Desde la coalici\u00f3n insisten en que no disponen de m\u00e1s informaci\u00f3n sobre este asunto y consideran que cualquier explicaci\u00f3n debe ser ofrecida por Podemos, al tratarse de un procedimiento interno de la organizaci\u00f3n.<\/p>  <p>Finalmente, Elda para Todas ha reafirmado \u201cde manera tajante\u201d su rechazo a cualquier conducta machista, sexista o discriminatoria, asegurando que estos principios forman parte fundamental de su l\u00ednea pol\u00edtica.<\/p> ","protected":false},"excerpt":{"rendered":"<p>La coalici\u00f3n asegura que desconoc\u00eda los hechos hasta su publicaci\u00f3n y reafirma su rechazo a cualquier conducta machista o discriminatoria<\/p>\n","protected":false},"author":0,"featured_media":29079,"comment_status":"","ping_status":"","sticky":false,"template":"","format":"standard","meta":{"_acf_changed":false,"footnotes":""},"categories":[1],"tags":[],"class_list":["post-29078","post","type-post","status-publish","format-standard","has-post-thumbnail","hentry","category-app-de-ser-elda"],"acf":{"ser_id":"53ZSO7D7QBGVHFMY7YE2IGPDR4","ser_url":"https:\/\/cadenaser.com\/comunitat-valenciana\/2026\/04\/30\/elda-para-todas-confirma-el-cese-de-cecilio-esteve-tras-las-acusaciones-internas-por-presuntos-comportamientos-machistas-radio-elda\/"},"_links":{"self":[{"href":"https:\/\/serelda.daliisolutions.com\/index.php\/wp-json\/wp\/v2\/posts\/29078","targetHints":{"allow":["GET"]}}],"collection":[{"href":"https:\/\/serelda.daliisolutions.com\/index.php\/wp-json\/wp\/v2\/posts"}],"about":[{"href":"https:\/\/serelda.daliisolutions.com\/index.php\/wp-json\/wp\/v2\/types\/post"}],"replies":[{"embeddable":true,"href":"https:\/\/serelda.daliisolutions.com\/index.php\/wp-json\/wp\/v2\/comments?post=29078"}],"version-history":[{"count":0,"href":"https:\/\/serelda.daliisolutions.com\/index.php\/wp-json\/wp\/v2\/posts\/29078\/revisions"}],"wp:featuredmedia":[{"embeddable":true,"href":"https:\/\/serelda.daliisolutions.com\/index.php\/wp-json\/wp\/v2\/media\/29079"}],"wp:attachment":[{"href":"https:\/\/serelda.daliisolutions.com\/index.php\/wp-json\/wp\/v2\/media?parent=29078"}],"wp:term":[{"taxonomy":"category","embeddable":true,"href":"https:\/\/serelda.daliisolutions.com\/index.php\/wp-json\/wp\/v2\/categories?post=29078"},{"taxonomy":"post_tag","embeddable":true,"href":"https:\/\/serelda.daliisolutions.com\/index.php\/wp-json\/wp\/v2\/tags?post=29078"}],"curies":[{"name":"wp","href":"https:\/\/api.w.org\/{rel}","templated":true}]}}