{"id":29072,"date":"2026-04-26T14:21:18","date_gmt":"2026-04-26T14:21:18","guid":{"rendered":"https:\/\/serelda.daliisolutions.com\/index.php\/2026\/04\/26\/el-eldense-paga-su-mala-primera-parte-y-sus-errores-defensivos-en-antequera-2-1\/"},"modified":"2026-04-26T14:21:18","modified_gmt":"2026-04-26T14:21:18","slug":"el-eldense-paga-su-mala-primera-parte-y-sus-errores-defensivos-en-antequera-2-1","status":"publish","type":"post","link":"https:\/\/serelda.daliisolutions.com\/index.php\/2026\/04\/26\/el-eldense-paga-su-mala-primera-parte-y-sus-errores-defensivos-en-antequera-2-1\/","title":{"rendered":"El Eldense paga su mala primera parte y sus errores defensivos en Antequera (2-1)"},"content":{"rendered":" <p><b>Antequera C. F.: <\/b>Samu P\u00e9rez, Javi Ant\u00f3n, Alejandro Barbudo \u201cBarbu\u201d, Jonathan Biabiany (Ilauede Destiny 70 \u00b4 ), Dani Clavijo (Rafa Diz 55 \u00b4 ), Luismi Guti\u00e9rrez, Ousama Siddiki, F\u00e9lix Garreta (Iv\u00e1n Rodr\u00edguez 70 \u00b4 ), Moi Parra (Adri\u00e0 Gen\u00e8 18 \u00b4 ), Moha Bassele y Alberto Quintana.<b> <\/b><\/p>  <p><b>C. D. Eldense:<\/b> Ram\u00f3n Vila, \u00c1lex Serra, Floris Smand, Borja Calvo (Hugo Alba 60 \u00b4 ), Nacho Quintana, Fidel Chaves, Hamza Bellari (Dioni Villalba 46 \u00b4 ), Manu Molina (Marcos Bustillo 82 \u00b4 ), Jes\u00fas Clemente (Alejandro Ibarrondo 82 \u00b4 ), Guille Macho y David Ruiz (Jaime Vallejo 31 \u00b4 ).<\/p>  <p><b>\u00c1rbitro: <\/b>Luis Enrique Morona del Campo (Madrid). Amonest\u00f3 a los locales Rafa Diz y Ilahude Destiny. Tambi\u00e9n a los visitantes Borja Calvo, Hamza Bellari, David Ruiz y Jaime Vallejo.<\/p>  <p><b>Goles:<\/b> 1-0 (4 \u00b4) Alejandro Barbudo \u201cBarbu\u201d. 1-1 (64 \u00b4 ) Dioni Villalba. Adri\u00e0 Gen\u00e8 (80 \u00b4 ).<\/p>  <p><b>Estadio:<\/b> Nuevo El Maul\u00ed. <\/p>  <p><b>Incidencias: <\/b>34\u00aa jornada en el Grupo 2 de la Primera Federaci\u00f3n Versus e-Learning. Antes de empezar el encuentro se guard\u00f3 un minuto de silencio en memoria de dos socios del Antequera fallecidos recientemente.<\/p>  <p>El Eldense, que no perd\u00eda desde el 4 de marzo cuando cay\u00f3 2-0 en el campo del Villarreal B y que hab\u00eda encajado siete victorias consecutivas, ha pagado su deficiente primera mitad y su falta de intensidad defensiva en el campo de un Antequera que ha sabido jugar con la inoperancia de su rival a lo largo de los primeros 45 minutos.<\/p>  <p>A los dos minutos, los andaluces ya dieron el primer aviso cuando Moi Parra, que llev\u00f3 por el camino de la amargura a David Ruiz hasta que estuvo en el campo, la puso en el segundo palo y Ousama Siddiki busc\u00f3 el palo corto, encontr\u00e1ndose con la reacci\u00f3n de Ram\u00f3n Vila, desbaratando la primera ocasi\u00f3n de los de Abraham Paz, que empezaron el choque con una velocidad m\u00e1s que los de Claudio Barrag\u00e1n y a los cinco minutos encontraron el premio del gol cuando Alejandro Barbudo \u201cBarbu\u201d cabece\u00f3 a placer un c\u00f3rner botado, desde la derecha, por Luismi Guti\u00e9rrez entre la frontal del \u00e1rea de porter\u00eda y el punto de penalti.<\/p>  <p>El Eldense estaba irreconocible. Blando en defensa, perdiendo casi todos los duelos y con enormes dificultades para salir con el bal\u00f3n sin inquietar en ning\u00fan momento a Samu P\u00e9rez.<\/p>  <p>El Antequera escenificaba una propuesta m\u00e1s valiente ante un Eldense impreciso hasta la desesperaci\u00f3n que se march\u00f3 al descanso con 1-0 en contra.<\/p>  <p>A los 11 minutos, otra vez Moi Parra sirvi\u00f3 desde la derecha al segundo palo y Siddiki fall\u00f3 una clara ocasi\u00f3n aprovechando la defectuosa marca de los defensores azulgranas. <\/p>  <blockquote class=\"twitter-tweet\"><p lang=\"es\" dir=\"ltr\">\ud835\udde5\ud835\uddd8\ud835\udde6\ud835\udde8\ud835\udde0\ud835\uddd8\ud835\udde1 | <a href=\"https:\/\/twitter.com\/hashtag\/AntequeraEldense?src=hash&amp;ref_src=twsrc%5Etfw\">#AntequeraEldense<\/a><br><br>2-1 | <a href=\"https:\/\/twitter.com\/AntequeraCF?ref_src=twsrc%5Etfw\">@AntequeraCF<\/a> &#8211; <a href=\"https:\/\/twitter.com\/CD_Eldense?ref_src=twsrc%5Etfw\">@CD_Eldense<\/a><br><br>\u26bd <a href=\"https:\/\/twitter.com\/barbu_9?ref_src=twsrc%5Etfw\">@barbu_9<\/a> (1-0, 5\u2019)<br>\u26bd Dioni Villalba (1-1, 63\u2019)<br>\u26bd\ufe0f <a href=\"https:\/\/twitter.com\/Adrigene9?ref_src=twsrc%5Etfw\">@Adrigene9<\/a> (2-1, 81\u2019)<a href=\"https:\/\/twitter.com\/hashtag\/PrimeraFederaci%C3%B3n?src=hash&amp;ref_src=twsrc%5Etfw\">#PrimeraFederaci\u00f3n<\/a> | <a href=\"https:\/\/twitter.com\/hashtag\/VersusELearning?src=hash&amp;ref_src=twsrc%5Etfw\">#VersusELearning<\/a> <a href=\"https:\/\/t.co\/rUHgaUCM6y\">pic.twitter.com\/rUHgaUCM6y<\/a><\/p>&mdash; Primera Federaci\u00f3n Versus e-Learning (@Primera_RFEF) <a href=\"https:\/\/twitter.com\/Primera_RFEF\/status\/2048123521520357491?ref_src=twsrc%5Etfw\">April 25, 2026<\/a><\/blockquote>\n&lt;\/script&gt;\n\n  <p>Como no pod\u00eda ser de otra manera, los de Elda salieron con otra actitud tras el asueto, con m\u00e1s intenci\u00f3n atacante despu\u00e9s de que Dioni Villalba entrara en el campo en sustituci\u00f3n de Hamza Bellari.<\/p>  <p>El propio Dioni se encargar\u00eda de igualar la contienda abriendo el partido cuando en el minuto 19 aprovech\u00f3 el rechace de Samu P\u00e9rez tras un zurdazo de Fidel Chaves.<\/p>  <p>Daba la impresi\u00f3n de que el Eldense volv\u00eda a su se\u00f1a de identidad con los cambios que introduc\u00eda Claudio Barrag\u00e1n, que daba entrada a Hugo Alba, Alejandro Ibarrondo, Jaime Vallejo y Marcos Bustillo, intentando amurallar el centro del campo y dar m\u00e1s mordiente arriba.<\/p>  <p>Sin embargo, a falta de diez minutos para el final, de nuevo la falta de intensidad en la marca dentro del \u00e1rea penaliz\u00f3 a los azulgranas. Adri\u00e0 Gen\u00e8 control\u00f3 y recort\u00f3 a Manu Molina dentro del \u00e1rea, sin vigilancia, y la cruz\u00f3 para batir a Ram\u00f3n Vila, firmando el 2-1 definitivo, aunque los de Elda estuvieron a punto de igualar el marcador tres minutos despu\u00e9s, pero Dioni Villalba cabece\u00f3 alto, solo ante la porter\u00eda, un centro medido desde la izquierda de Jaime Vallejo.<\/p>  <p>A falta de cuatro jornadas para que acabe la fase regular de la liga, la lucha por el ascenso directo se encarniza entre Eldense, Sabadell y Atl\u00e9tico Madrile\u00f1o.<\/p>  <p>El Eldense recibir\u00e1 el pr\u00f3ximo domingo 3 de mayo a partir de las 20.30 h en el Nuevo Pepico Amat, al Marbella F. C.<\/p> ","protected":false},"excerpt":{"rendered":"<p>Los de Claudio Barrag\u00e1n encajan su primera derrota tras siete victorias consecutivas<\/p>\n","protected":false},"author":0,"featured_media":29073,"comment_status":"","ping_status":"","sticky":false,"template":"","format":"standard","meta":{"_acf_changed":false,"footnotes":""},"categories":[15],"tags":[],"class_list":["post-29072","post","type-post","status-publish","format-standard","has-post-thumbnail","hentry","category-deportes"],"acf":{"ser_id":"6HPBNCKONFA4FLOF2NWOGICS5U","ser_url":"https:\/\/cadenaser.com\/comunitat-valenciana\/2026\/04\/25\/el-eldense-paga-su-mala-primera-parte-y-sus-errores-defensivos-en-antequera-2-1-radio-elda\/"},"_links":{"self":[{"href":"https:\/\/serelda.daliisolutions.com\/index.php\/wp-json\/wp\/v2\/posts\/29072","targetHints":{"allow":["GET"]}}],"collection":[{"href":"https:\/\/serelda.daliisolutions.com\/index.php\/wp-json\/wp\/v2\/posts"}],"about":[{"href":"https:\/\/serelda.daliisolutions.com\/index.php\/wp-json\/wp\/v2\/types\/post"}],"replies":[{"embeddable":true,"href":"https:\/\/serelda.daliisolutions.com\/index.php\/wp-json\/wp\/v2\/comments?post=29072"}],"version-history":[{"count":0,"href":"https:\/\/serelda.daliisolutions.com\/index.php\/wp-json\/wp\/v2\/posts\/29072\/revisions"}],"wp:featuredmedia":[{"embeddable":true,"href":"https:\/\/serelda.daliisolutions.com\/index.php\/wp-json\/wp\/v2\/media\/29073"}],"wp:attachment":[{"href":"https:\/\/serelda.daliisolutions.com\/index.php\/wp-json\/wp\/v2\/media?parent=29072"}],"wp:term":[{"taxonomy":"category","embeddable":true,"href":"https:\/\/serelda.daliisolutions.com\/index.php\/wp-json\/wp\/v2\/categories?post=29072"},{"taxonomy":"post_tag","embeddable":true,"href":"https:\/\/serelda.daliisolutions.com\/index.php\/wp-json\/wp\/v2\/tags?post=29072"}],"curies":[{"name":"wp","href":"https:\/\/api.w.org\/{rel}","templated":true}]}}