{"id":29068,"date":"2026-04-25T14:11:30","date_gmt":"2026-04-25T14:11:30","guid":{"rendered":"https:\/\/serelda.daliisolutions.com\/index.php\/2026\/04\/25\/claudio-barragan-si-el-antequera-esta-comodo-le-puede-ganar-a-cualquiera\/"},"modified":"2026-04-25T14:11:30","modified_gmt":"2026-04-25T14:11:30","slug":"claudio-barragan-si-el-antequera-esta-comodo-le-puede-ganar-a-cualquiera","status":"publish","type":"post","link":"https:\/\/serelda.daliisolutions.com\/index.php\/2026\/04\/25\/claudio-barragan-si-el-antequera-esta-comodo-le-puede-ganar-a-cualquiera\/","title":{"rendered":"Claudio Barrag\u00e1n: \u00ab\u201cSi el Antequera est\u00e1 c\u00f3modo, le puede ganar a cualquiera\u201d:"},"content":{"rendered":" <p>El entrenador del Eldense, Claudio Barrag\u00e1n, asegura que el equipo ha vivido una semana \u201cnormal\u201d pese a seguir l\u00edder del Grupo 2 de Primera Federaci\u00f3n. El t\u00e9cnico valora positivamente la victoria lograda ante el FC Cartagena, especialmente por la forma en la que se produjo, y destaca que la plantilla mantiene la misma ilusi\u00f3n, compromiso y din\u00e1mica de trabajo.<\/p>  <p>Barrag\u00e1n avisa de la dificultad del pr\u00f3ximo encuentro ante el Antequera, un rival al que considera competitivo pese a su posici\u00f3n en la tabla. Subraya que se trata de un equipo con calidad individual y capacidad para dominar el bal\u00f3n, adem\u00e1s de ser peligroso en las transiciones ofensivas. \u201cSi est\u00e1n c\u00f3modos y se sienten bien, le pueden ganar a cualquiera\u201d, ha advertido el t\u00e9cnico, que insiste en la necesidad de imponer el estilo propio del Eldense.<\/p>  <p>El t\u00e9cnico ha recordado adem\u00e1s el precedente del partido de ida, en el que el conjunto de elda cay\u00f3 (1-3) ante un Antequera en una situaci\u00f3n compleja a nivel institucional y de banquillo. Seg\u00fan explic\u00f3, aquel resultado sirve como aviso para no confiarse. \u201cNo puede ser una sorpresa para nosotros\u201d, ha se\u00f1alado, al insistir en que el equipo debe mantener la concentraci\u00f3n durante los 90 minutos.<\/p>  <p>En cuanto a la evoluci\u00f3n del equipo, Barrag\u00e1n reconoce mejoras en varios aspectos del juego, especialmente en el control de los ritmos. No obstante, incide en que a\u00fan hay margen de crecimiento, sobre todo en el apartado defensivo. Explica que el planteamiento ofensivo puede generar desajustes si no se ejecuta bien la presi\u00f3n tras p\u00e9rdida, algo que siguen trabajando.<\/p>  <p>A nivel personal, el entrenador resta importancia a la situaci\u00f3n clasificatoria actual y pone en valor la regularidad como clave del \u00e9xito. Desde su llegada, destaca que los cambios han sido puntuales y orientados a mejorar el rendimiento colectivo. \u201cSer regulares como lo estamos siendo es muy complicado\u201d, apunta, subrayando la importancia del trabajo diario.<\/p>  <p>De cara al tramo final, con cinco jornadas por disputarse, Claudio Barrag\u00e1n califica cada partido como decisivo y reconoce que la tensi\u00f3n ir\u00e1 en aumento. Aun as\u00ed, transmite confianza en la madurez del grupo, que combina experiencia y juventud. Tambi\u00e9n confirma que Rub\u00e9n Quintanilla y Robert Ib\u00e1\u00f1ez siguen siendo baja, mientras que el resto de la plantilla est\u00e1 disponible. \u201cEl equipo est\u00e1 tranquilo y preparado para lo que viene\u201d, concluye.<\/p> ","protected":false},"excerpt":{"rendered":"<p>El t\u00e9cnico del Eldense subraya la dificultad del partido y reclama m\u00e1xima concentraci\u00f3n en el tramo decisivo de la temporada<\/p>\n","protected":false},"author":0,"featured_media":29069,"comment_status":"","ping_status":"","sticky":false,"template":"","format":"standard","meta":{"_acf_changed":false,"footnotes":""},"categories":[15],"tags":[],"class_list":["post-29068","post","type-post","status-publish","format-standard","has-post-thumbnail","hentry","category-deportes"],"acf":{"ser_id":"E2AIC7TALRCBNEE2BT4PFXB43A","ser_url":"https:\/\/cadenaser.com\/comunitat-valenciana\/2026\/04\/23\/claudio-barragan-si-el-antquera-esta-comodos-le-puede-ganar-a-cualquiera-radio-elda\/"},"_links":{"self":[{"href":"https:\/\/serelda.daliisolutions.com\/index.php\/wp-json\/wp\/v2\/posts\/29068","targetHints":{"allow":["GET"]}}],"collection":[{"href":"https:\/\/serelda.daliisolutions.com\/index.php\/wp-json\/wp\/v2\/posts"}],"about":[{"href":"https:\/\/serelda.daliisolutions.com\/index.php\/wp-json\/wp\/v2\/types\/post"}],"replies":[{"embeddable":true,"href":"https:\/\/serelda.daliisolutions.com\/index.php\/wp-json\/wp\/v2\/comments?post=29068"}],"version-history":[{"count":0,"href":"https:\/\/serelda.daliisolutions.com\/index.php\/wp-json\/wp\/v2\/posts\/29068\/revisions"}],"wp:featuredmedia":[{"embeddable":true,"href":"https:\/\/serelda.daliisolutions.com\/index.php\/wp-json\/wp\/v2\/media\/29069"}],"wp:attachment":[{"href":"https:\/\/serelda.daliisolutions.com\/index.php\/wp-json\/wp\/v2\/media?parent=29068"}],"wp:term":[{"taxonomy":"category","embeddable":true,"href":"https:\/\/serelda.daliisolutions.com\/index.php\/wp-json\/wp\/v2\/categories?post=29068"},{"taxonomy":"post_tag","embeddable":true,"href":"https:\/\/serelda.daliisolutions.com\/index.php\/wp-json\/wp\/v2\/tags?post=29068"}],"curies":[{"name":"wp","href":"https:\/\/api.w.org\/{rel}","templated":true}]}}