{"id":29066,"date":"2026-04-25T14:11:29","date_gmt":"2026-04-25T14:11:29","guid":{"rendered":"https:\/\/serelda.daliisolutions.com\/index.php\/2026\/04\/25\/triple-podio-del-capet-en-el-provincial-sub-14-de-pruebas-combinadas\/"},"modified":"2026-04-25T14:11:29","modified_gmt":"2026-04-25T14:11:29","slug":"triple-podio-del-capet-en-el-provincial-sub-14-de-pruebas-combinadas","status":"publish","type":"post","link":"https:\/\/serelda.daliisolutions.com\/index.php\/2026\/04\/25\/triple-podio-del-capet-en-el-provincial-sub-14-de-pruebas-combinadas\/","title":{"rendered":"Triple podio del CAPET en el Provincial Sub-14 de pruebas combinadas"},"content":{"rendered":" <p>El pasado fin de semana, la pista de atletismo de La Sismat, en Elda, acogi\u00f3 el Campeonato Provincial Sub-14 de Pruebas Combinadas, una cita en la que los j\u00f3venes atletas tuvieron que demostrar su versatilidad compitiendo en varias disciplinas. En esta categor\u00eda, las chicas realizaron cinco pruebas, mientras que los chicos afrontaron un programa de seis.<\/p>  <p>En la competici\u00f3n femenina, las participantes se enfrentaron a los 80 metros vallas, salto de altura, lanzamiento de peso, salto de longitud y lanzamiento de jabalina. Por su parte, los chicos disputaron los 80 metros lisos, salto de longitud, lanzamiento de peso, 80 metros vallas, salto de altura y lanzamiento de jabalina.<\/p>  <p>El Club Atletismo Petrer &#8211; CAPET cont\u00f3 con una destacada representaci\u00f3n de seis atletas, todos ellos bajo la direcci\u00f3n del t\u00e9cnico Rub\u00e9n Paya, mostrando un alto nivel competitivo durante toda la jornada.<\/p>  <p>Los mejores resultados llegaron en la categor\u00eda femenina, donde Sara Ponte Iborra logr\u00f3 la segunda posici\u00f3n con un total de 1.815 puntos. Muy cerca, su compa\u00f1era Karen P\u00e9rez Panadero se hizo con la tercera plaza tras sumar 1.632 puntos, completando as\u00ed un doble podio para el club.<\/p>  <p>En categor\u00eda masculina, Daniel Paya Garc\u00eda fue el gran protagonista al proclamarse campe\u00f3n provincial con 2.056 puntos. Sus marcas, adem\u00e1s, le sit\u00faan muy cerca de asegurar su participaci\u00f3n en el pr\u00f3ximo Campeonato de Espa\u00f1a Sub-14, que en esta categor\u00eda se disputa en formato de triatl\u00f3n.<\/p> ","protected":false},"excerpt":{"rendered":"<p>Dos medallas en categor\u00eda femenina y un t\u00edtulo provincial masculino destacan la actuaci\u00f3n del club en Elda<\/p>\n","protected":false},"author":0,"featured_media":29067,"comment_status":"","ping_status":"","sticky":false,"template":"","format":"standard","meta":{"_acf_changed":false,"footnotes":""},"categories":[15],"tags":[],"class_list":["post-29066","post","type-post","status-publish","format-standard","has-post-thumbnail","hentry","category-deportes"],"acf":{"ser_id":"7RWYWXJFVZGEBIIM54XTEOVQNU","ser_url":"https:\/\/cadenaser.com\/comunitat-valenciana\/2026\/04\/24\/triple-podio-del-capet-en-el-provincial-sub-14-de-pruebas-combinadas-radio-elda\/"},"_links":{"self":[{"href":"https:\/\/serelda.daliisolutions.com\/index.php\/wp-json\/wp\/v2\/posts\/29066","targetHints":{"allow":["GET"]}}],"collection":[{"href":"https:\/\/serelda.daliisolutions.com\/index.php\/wp-json\/wp\/v2\/posts"}],"about":[{"href":"https:\/\/serelda.daliisolutions.com\/index.php\/wp-json\/wp\/v2\/types\/post"}],"replies":[{"embeddable":true,"href":"https:\/\/serelda.daliisolutions.com\/index.php\/wp-json\/wp\/v2\/comments?post=29066"}],"version-history":[{"count":0,"href":"https:\/\/serelda.daliisolutions.com\/index.php\/wp-json\/wp\/v2\/posts\/29066\/revisions"}],"wp:featuredmedia":[{"embeddable":true,"href":"https:\/\/serelda.daliisolutions.com\/index.php\/wp-json\/wp\/v2\/media\/29067"}],"wp:attachment":[{"href":"https:\/\/serelda.daliisolutions.com\/index.php\/wp-json\/wp\/v2\/media?parent=29066"}],"wp:term":[{"taxonomy":"category","embeddable":true,"href":"https:\/\/serelda.daliisolutions.com\/index.php\/wp-json\/wp\/v2\/categories?post=29066"},{"taxonomy":"post_tag","embeddable":true,"href":"https:\/\/serelda.daliisolutions.com\/index.php\/wp-json\/wp\/v2\/tags?post=29066"}],"curies":[{"name":"wp","href":"https:\/\/api.w.org\/{rel}","templated":true}]}}