{"id":29064,"date":"2026-04-25T14:11:29","date_gmt":"2026-04-25T14:11:29","guid":{"rendered":"https:\/\/serelda.daliisolutions.com\/index.php\/2026\/04\/25\/jose-juan-logra-el-tercer-puesto-en-alfaz-y-lidera-un-fin-de-semana-destacado-del-club-atletismo-elda\/"},"modified":"2026-04-25T14:11:29","modified_gmt":"2026-04-25T14:11:29","slug":"jose-juan-logra-el-tercer-puesto-en-alfaz-y-lidera-un-fin-de-semana-destacado-del-club-atletismo-elda","status":"publish","type":"post","link":"https:\/\/serelda.daliisolutions.com\/index.php\/2026\/04\/25\/jose-juan-logra-el-tercer-puesto-en-alfaz-y-lidera-un-fin-de-semana-destacado-del-club-atletismo-elda\/","title":{"rendered":"Jos\u00e9 Juan logra el tercer puesto en Alfaz y lidera un fin de semana destacado del Club Atletismo Elda"},"content":{"rendered":" <p>El Club Atletismo Elda firm\u00f3 un completo fin de semana de competici\u00f3n con actuaciones destacadas en diferentes frentes. En las 10 Millas Costa Blanca disputadas en Alfaz del Pi, con 315 atletas en meta, Jos\u00e9 Javi Navarro Juan complet\u00f3 los 16 kil\u00f3metros en 1h02:41, un registro que le permiti\u00f3 finalizar octavo en la general y tercero en su categor\u00eda, confirmando su buen estado de forma.<\/p>  <p>En Elda, la pista de atletismo acogi\u00f3 el campeonato provincial de pruebas combinadas. En categor\u00eda masculina, V\u00edctor Alcaina S\u00e1nchez finaliz\u00f3 en novena posici\u00f3n tras completar seis disciplinas y sumar 1.604 puntos. En categor\u00eda femenina, las atletas de la escuela lograron mejorar varias marcas personales, con Indira Salcedo (10\u00aa, 1.462 puntos) como mejor clasificada, seguida de Emma Mora (19\u00aa), Alma Vidal (20\u00aa), Lia Chocero (21\u00aa) y Lola Ruiz (23\u00aa).<\/p>  <p>Tambi\u00e9n hubo competici\u00f3n en Petrer, donde Adri\u00e1n Alcaina S\u00e1nchez particip\u00f3 en un control absoluto en la pista de El Barxell. El atleta logr\u00f3 una marca personal en triple salto con 11,97 metros y par\u00f3 el crono en 1:08 en los 400 metros vallas, en una jornada positiva para su progresi\u00f3n.<\/p>  <img src='https:\/\/cloudfront-eu-central-1.images.arcpublishing.com\/prisaradio\/HBWCIJEGEBA7HMAFD5SDHQSH2E.jpg' alt='El C. A. Elda en Novelda' \/>  <p>En ruta, Jos\u00e9 Mar\u00eda Vall\u00e9s L\u00f3pez brill\u00f3 en los 10K Internacionales de Laredo, considerados entre los m\u00e1s r\u00e1pidos del mundo. El atleta del Club Atletismo Elda complet\u00f3 la prueba en 32:45, un tiempo de gran nivel teniendo en cuenta la exigencia y el alto ritmo de la carrera.<\/p>  <p>Por \u00faltimo, el club tuvo una amplia representaci\u00f3n en el Cross Sector Centro de Novelda, donde consigui\u00f3 numerosos podios y buenos resultados en todas las categor\u00edas, desde prebenjam\u00edn hasta absoluta. Destacaron varias primeras posiciones, como las de Manuela Asensi, Leo Personal, Indira Salcedo, Sof\u00eda Gonz\u00e1lez, Jos\u00e9 Ferris y Paqui T\u00e1rraga. De cara al pr\u00f3ximo fin de semana, el club estar\u00e1 presente en el Campeonato Provincial Sub 12 en Alicante y en el Cross Trascuartel de Mon\u00f3var, donde se espera nuevamente una alta participaci\u00f3n de sus atletas.<\/p> ","protected":false},"excerpt":{"rendered":"<p>Buenos resultados en ruta, pista y campo a trav\u00e9s, con presencia del club en varias competiciones y numerosas actuaciones destacadas en categor\u00edas base y absoluta<\/p>\n","protected":false},"author":0,"featured_media":29065,"comment_status":"","ping_status":"","sticky":false,"template":"","format":"standard","meta":{"_acf_changed":false,"footnotes":""},"categories":[15],"tags":[],"class_list":["post-29064","post","type-post","status-publish","format-standard","has-post-thumbnail","hentry","category-deportes"],"acf":{"ser_id":"2BZPCFTUSVEDZPQT5FIEWHMHNI","ser_url":"https:\/\/cadenaser.com\/comunitat-valenciana\/2026\/04\/24\/jose-juan-logra-el-tercer-puesto-en-alfaz-y-lidera-un-fin-de-semana-destacado-del-club-atletismo-elda-radio-elda\/"},"_links":{"self":[{"href":"https:\/\/serelda.daliisolutions.com\/index.php\/wp-json\/wp\/v2\/posts\/29064","targetHints":{"allow":["GET"]}}],"collection":[{"href":"https:\/\/serelda.daliisolutions.com\/index.php\/wp-json\/wp\/v2\/posts"}],"about":[{"href":"https:\/\/serelda.daliisolutions.com\/index.php\/wp-json\/wp\/v2\/types\/post"}],"replies":[{"embeddable":true,"href":"https:\/\/serelda.daliisolutions.com\/index.php\/wp-json\/wp\/v2\/comments?post=29064"}],"version-history":[{"count":0,"href":"https:\/\/serelda.daliisolutions.com\/index.php\/wp-json\/wp\/v2\/posts\/29064\/revisions"}],"wp:featuredmedia":[{"embeddable":true,"href":"https:\/\/serelda.daliisolutions.com\/index.php\/wp-json\/wp\/v2\/media\/29065"}],"wp:attachment":[{"href":"https:\/\/serelda.daliisolutions.com\/index.php\/wp-json\/wp\/v2\/media?parent=29064"}],"wp:term":[{"taxonomy":"category","embeddable":true,"href":"https:\/\/serelda.daliisolutions.com\/index.php\/wp-json\/wp\/v2\/categories?post=29064"},{"taxonomy":"post_tag","embeddable":true,"href":"https:\/\/serelda.daliisolutions.com\/index.php\/wp-json\/wp\/v2\/tags?post=29064"}],"curies":[{"name":"wp","href":"https:\/\/api.w.org\/{rel}","templated":true}]}}