{"id":29062,"date":"2026-04-25T14:11:28","date_gmt":"2026-04-25T14:11:28","guid":{"rendered":"https:\/\/serelda.daliisolutions.com\/index.php\/2026\/04\/25\/el-nueva-elda-recupera-sensaciones-con-una-goleada-ante-el-sporting-san-vicente-3-7\/"},"modified":"2026-04-25T14:11:28","modified_gmt":"2026-04-25T14:11:28","slug":"el-nueva-elda-recupera-sensaciones-con-una-goleada-ante-el-sporting-san-vicente-3-7","status":"publish","type":"post","link":"https:\/\/serelda.daliisolutions.com\/index.php\/2026\/04\/25\/el-nueva-elda-recupera-sensaciones-con-una-goleada-ante-el-sporting-san-vicente-3-7\/","title":{"rendered":"El Nueva Elda recupera sensaciones con una goleada ante el Sporting San Vicente (3-7)"},"content":{"rendered":" <p>El Nueva Elda volvi\u00f3 a sumar de tres tras imponerse con claridad por 3-7 al Sporting San Vicente \u2013 H\u00e9rcules en el encuentro correspondiente a la 27\u00aa jornada de liga del Grupo 15 de la Tercera Divisi\u00f3n de f\u00fatbol sala. El choque se disput\u00f3 este jueves en el Pabell\u00f3n Deportivo Zona Sur de San Vicente del Raspeig.<\/p>  <p>El equipo dirigido por David Garc\u00eda encarril\u00f3 el partido desde los primeros compases. En apenas nueve minutos, los visitantes ya dominaban el marcador con un 0-3 gracias a los goles de \u00c1lex Izquierdo, Pablo Mart\u00ednez y Javi Peir\u00f3, mostrando una gran eficacia ofensiva.<\/p>  <p>Sin embargo, el conjunto local reaccion\u00f3 y consigui\u00f3 meterse de nuevo en el partido antes del descanso. Iv\u00e1n Garc\u00eda, en el minuto 13, e Iv\u00e1n Egea, en el 15, recortaron distancias hasta el 2-3. Aun as\u00ed, el Nueva Elda volvi\u00f3 a ampliar su ventaja justo antes del intermedio con otro tanto de \u00c1lex Izquierdo que situaba el 2-4.<\/p>  <p>Tras la reanudaci\u00f3n, el ritmo anotador baj\u00f3, aunque el control segu\u00eda siendo visitante. Javi Peir\u00f3 firm\u00f3 el 2-5 ocho minutos despu\u00e9s de comenzar la segunda mitad y, a falta de cinco minutos para el final, Mario Gim\u00e9nez dej\u00f3 pr\u00e1cticamente sentenciado el encuentro con el 2-6.<\/p>  <p>En el tramo final, Ilyes Mokhtar anot\u00f3 el tercer gol para los locales, pero la respuesta del Nueva Elda fue inmediata con un tanto de Ra\u00fal Molla que cerr\u00f3 el definitivo 3-7. La pr\u00f3xima jornada no habr\u00e1 competici\u00f3n debido al par\u00f3n por el puente del Primero de Mayo.<\/p> ","protected":false},"excerpt":{"rendered":"<p>El conjunto eldense se impone con autoridad a domicilio y vuelve a la senda del triunfo <\/p>\n","protected":false},"author":0,"featured_media":29063,"comment_status":"","ping_status":"","sticky":false,"template":"","format":"standard","meta":{"_acf_changed":false,"footnotes":""},"categories":[15],"tags":[],"class_list":["post-29062","post","type-post","status-publish","format-standard","has-post-thumbnail","hentry","category-deportes"],"acf":{"ser_id":"CGSNJVNU75GXBJKM3ZZVE7AP3U","ser_url":"https:\/\/cadenaser.com\/comunitat-valenciana\/2026\/04\/24\/el-nueva-elda-recupera-sensaciones-con-una-goleada-ante-el-sporting-san-vicente-3-7-radio-elda\/"},"_links":{"self":[{"href":"https:\/\/serelda.daliisolutions.com\/index.php\/wp-json\/wp\/v2\/posts\/29062","targetHints":{"allow":["GET"]}}],"collection":[{"href":"https:\/\/serelda.daliisolutions.com\/index.php\/wp-json\/wp\/v2\/posts"}],"about":[{"href":"https:\/\/serelda.daliisolutions.com\/index.php\/wp-json\/wp\/v2\/types\/post"}],"replies":[{"embeddable":true,"href":"https:\/\/serelda.daliisolutions.com\/index.php\/wp-json\/wp\/v2\/comments?post=29062"}],"version-history":[{"count":0,"href":"https:\/\/serelda.daliisolutions.com\/index.php\/wp-json\/wp\/v2\/posts\/29062\/revisions"}],"wp:featuredmedia":[{"embeddable":true,"href":"https:\/\/serelda.daliisolutions.com\/index.php\/wp-json\/wp\/v2\/media\/29063"}],"wp:attachment":[{"href":"https:\/\/serelda.daliisolutions.com\/index.php\/wp-json\/wp\/v2\/media?parent=29062"}],"wp:term":[{"taxonomy":"category","embeddable":true,"href":"https:\/\/serelda.daliisolutions.com\/index.php\/wp-json\/wp\/v2\/categories?post=29062"},{"taxonomy":"post_tag","embeddable":true,"href":"https:\/\/serelda.daliisolutions.com\/index.php\/wp-json\/wp\/v2\/tags?post=29062"}],"curies":[{"name":"wp","href":"https:\/\/api.w.org\/{rel}","templated":true}]}}