{"id":29056,"date":"2026-04-25T14:11:26","date_gmt":"2026-04-25T14:11:26","guid":{"rendered":"https:\/\/serelda.daliisolutions.com\/index.php\/2026\/04\/25\/el-eldense-busca-un-triunfo-clave-en-su-visita-a-antequera-s-18-30-h\/"},"modified":"2026-04-25T14:11:26","modified_gmt":"2026-04-25T14:11:26","slug":"el-eldense-busca-un-triunfo-clave-en-su-visita-a-antequera-s-18-30-h","status":"publish","type":"post","link":"https:\/\/serelda.daliisolutions.com\/index.php\/2026\/04\/25\/el-eldense-busca-un-triunfo-clave-en-su-visita-a-antequera-s-18-30-h\/","title":{"rendered":"El Eldense busca un triunfo clave en su visita a Antequera (S. 18.30 h)"},"content":{"rendered":" <p>El C. D. Eldense (1\u00ba: 62 puntos) afronta este s\u00e1bado a las 18:30 h una salida exigente al Nuevo Estadio El Maul\u00ed, donde se medir\u00e1 al Antequera C. F. (6\u00ba: 49 puntos) en la jornada 34 del Grupo 2 de Primera RFEF Versus e-Learning. El encuentro estar\u00e1 dirigido por el colegiado madrile\u00f1o Enrique Morona del Campo.<\/p>  <p>Con solo cinco jornadas por disputarse en la fase regular, ambos equipos llegan con objetivos muy distintos, pero igual de urgentes. El conjunto andaluz necesita puntuar para ampliar la distancia con la zona de descenso, que actualmente tiene a cinco puntos, mientras que el Eldense pretende consolidarse en lo m\u00e1s alto de la tabla.<\/p>  <p>Las din\u00e1micas de ambos equipos son opuestas. El Antequera, dirigido por Abraham Paz, viene de lograr una victoria de gran valor en el campo del Real Murcia (2-3), rompiendo as\u00ed una racha negativa de cuatro derrotas consecutivas. Por su parte, el equipo de Claudio Barrag\u00e1n atraviesa su mejor momento del curso, acumulando siete triunfos seguidos.<\/p>  <p>El choque tambi\u00e9n tiene un componente de revancha para los de Elda. En la jornada 14, el Antequera sorprendi\u00f3 con un contundente 1-3 en el Nuevo Pepico Amat, en un momento en el que el conjunto malague\u00f1o a\u00fan buscaba sustituto para su banquillo tras la salida de Abel G\u00f3mez.<\/p>  <p>En el apartado de bajas, el Eldense recupera a Marcos Bustillo, aunque seguir\u00e1 sin poder contar con Rober Ib\u00e1\u00f1ez ni Rub\u00e9n Quintanilla. En el bando local, Abraham Paz no podr\u00e1 disponer de Antonio Luna, Ra\u00fal Gim\u00e9nez y Juan Aspra, aunque recupera a Nico Junior que regresa a la convocatoria tras su lesi\u00f3n.<\/p>  <p><b>El partido lo podr\u00e1n seguir en directo a trav\u00e9s de <\/b><a href=\"http:\/\/www.radioelda.com\" target=\"_blank\" rel=\"nofollow\"><b>www.radioelda.com<\/b><\/a><b>, y la aplicaci\u00f3n m\u00f3vil de la Cadena SER seleccionando Radio Elda.<\/b><\/p> ","protected":false},"excerpt":{"rendered":"<p>Los azulgranas defienden el liderato ante un rival que quiere sellar la permanencia a falta de cinco jornadas<\/p>\n","protected":false},"author":0,"featured_media":29057,"comment_status":"","ping_status":"","sticky":false,"template":"","format":"standard","meta":{"_acf_changed":false,"footnotes":""},"categories":[15],"tags":[],"class_list":["post-29056","post","type-post","status-publish","format-standard","has-post-thumbnail","hentry","category-deportes"],"acf":{"ser_id":"MU4EB7YXZJGY3HFL4QNAYUAVHE","ser_url":"https:\/\/cadenaser.com\/comunitat-valenciana\/2026\/04\/25\/el-eldense-busca-un-triunfo-clave-en-su-visita-a-antequera-s-1830-h-radio-elda\/"},"_links":{"self":[{"href":"https:\/\/serelda.daliisolutions.com\/index.php\/wp-json\/wp\/v2\/posts\/29056","targetHints":{"allow":["GET"]}}],"collection":[{"href":"https:\/\/serelda.daliisolutions.com\/index.php\/wp-json\/wp\/v2\/posts"}],"about":[{"href":"https:\/\/serelda.daliisolutions.com\/index.php\/wp-json\/wp\/v2\/types\/post"}],"replies":[{"embeddable":true,"href":"https:\/\/serelda.daliisolutions.com\/index.php\/wp-json\/wp\/v2\/comments?post=29056"}],"version-history":[{"count":0,"href":"https:\/\/serelda.daliisolutions.com\/index.php\/wp-json\/wp\/v2\/posts\/29056\/revisions"}],"wp:featuredmedia":[{"embeddable":true,"href":"https:\/\/serelda.daliisolutions.com\/index.php\/wp-json\/wp\/v2\/media\/29057"}],"wp:attachment":[{"href":"https:\/\/serelda.daliisolutions.com\/index.php\/wp-json\/wp\/v2\/media?parent=29056"}],"wp:term":[{"taxonomy":"category","embeddable":true,"href":"https:\/\/serelda.daliisolutions.com\/index.php\/wp-json\/wp\/v2\/categories?post=29056"},{"taxonomy":"post_tag","embeddable":true,"href":"https:\/\/serelda.daliisolutions.com\/index.php\/wp-json\/wp\/v2\/tags?post=29056"}],"curies":[{"name":"wp","href":"https:\/\/api.w.org\/{rel}","templated":true}]}}