{"id":29054,"date":"2026-04-25T14:11:26","date_gmt":"2026-04-25T14:11:26","guid":{"rendered":"https:\/\/serelda.daliisolutions.com\/index.php\/2026\/04\/25\/el-teatro-cervantes-de-petrer-epicentro-de-la-danza-con-una-gala-benefica-por-la-lucha-contra-el-cancer\/"},"modified":"2026-04-25T14:11:26","modified_gmt":"2026-04-25T14:11:26","slug":"el-teatro-cervantes-de-petrer-epicentro-de-la-danza-con-una-gala-benefica-por-la-lucha-contra-el-cancer","status":"publish","type":"post","link":"https:\/\/serelda.daliisolutions.com\/index.php\/2026\/04\/25\/el-teatro-cervantes-de-petrer-epicentro-de-la-danza-con-una-gala-benefica-por-la-lucha-contra-el-cancer\/","title":{"rendered":"El Teatro Cervantes de Petrer, epicentro de la danza con una gala ben\u00e9fica por\u00a0la lucha contra el c\u00e1ncer"},"content":{"rendered":" <p>El Teatro Cervantes de Petrer se vestir\u00e1 de gala este pr\u00f3ximo viernes 24 de abril para acoger la IX Gala Auton\u00f3mica de Danza, un evento que este a\u00f1o bate r\u00e9cords de participaci\u00f3n. Bajo la direcci\u00f3n art\u00edstica del petrelense Ad\u00e1n Rubio, la cita reunir\u00e1 sobre las tablas a cerca de 280 bailarines procedentes de 19 centros, entre escuelas y conservatorios de las provincias de Alicante y Valencia. <\/p>  <p>En una entrevista concedida al programa Hoy por Hoy Elda Vinalop\u00f3, la presidenta de la Junta Local de la Asociaci\u00f3n Espa\u00f1ola contra el C\u00e1ncer (AECC) Elda-Petrer, Ana Juan, ha puesto en valor el car\u00e1cter \u00fanico de esta iniciativa. Juan ha explicado que se trata de un evento que \u00abse sale de la norma\u00bb, ya que busca unir el arte con el apoyo al paciente oncol\u00f3gico \u00absin hacer visible la enfermedad\u00bb. <\/p>  <p>Bajo la batuta altruista de Ad\u00e1n Rubio, la gala ofrecer\u00e1 un recorrido por diversas disciplinas, desde la \u00abdanza cl\u00e1sica hasta la danza moderna o lo urbano\u00bb, permitiendo al p\u00fablico disfrutar de una gran variedad de coreograf\u00edas. Ana Juan ha recordado que esta es \u00abla \u00fanica gala de danza que existe en la Comunidad Valenciana a nivel auton\u00f3mico\u00bb, un privilegio que recae en la comarca gracias al esfuerzo voluntario de los organizadores y participantes. <\/p>  <p>El objetivo principal de la recaudaci\u00f3n, a trav\u00e9s de una entrada solidaria de 7 euros, es financiar los servicios gratuitos que la asociaci\u00f3n presta en la zona. La presidenta ha subrayado la importancia de estos fondos para \u00abmantener el contrato de las psic\u00f3logas, que hacen un papel fundamental\u00bb, permitiendo que cualquier paciente o familiar que \u00abllame a nuestra puerta\u00bb sea atendido de forma totalmente gratuita. Adem\u00e1s, una parte de lo recaudado se destinar\u00e1 a la investigaci\u00f3n, uno de los pilares de la AECC. <\/p>  <p>Durante la entrevista en Radio Elda, tambi\u00e9n se ha abordado el estado de la nueva sede de la asociaci\u00f3n en el Jard\u00edn de la M\u00fasica. Aunque la rotulaci\u00f3n y el mobiliario est\u00e1n listos, Ana Juan ha pedido paciencia ante los retrasos administrativos. \u00abEstamos esperando una parte puramente administrativa para dar el paso\u00bb, ha se\u00f1alado, aclarando que no pueden abrir sin el permiso de la Conseller\u00eda porque \u00absi no, el seguro no cubre lo que pueda pasar ah\u00ed dentro\u00bb, garantizando as\u00ed la protecci\u00f3n total de los usuarios. <\/p>  <p>La actividad de la Junta Local no se detiene en la danza. En el marco de la Semana de la Salud de Elda, la asociaci\u00f3n protagonizar\u00e1 una charla este jueves a las 18:00 horas en los Salones Princesa. Francisco Juan y Cristina Berenguer hablar\u00e1n sobre la importancia de evitar el sedentarismo y adoptar h\u00e1bitos de vida saludables. Seg\u00fan ha explicado la presidenta, la intenci\u00f3n es concienciar de que \u00abno es necesario machacarse dos d\u00edas al gimnasio, sino aplicar peque\u00f1os h\u00e1bitos en el d\u00eda a d\u00eda\u00bb para prevenir enfermedades como el c\u00e1ncer. <\/p>  <p>Las entradas para la gala del viernes ya est\u00e1n a la venta a trav\u00e9s de la plataforma RockSport, con m\u00e1s de medio aforo ya completado. Aquellas personas que prefieran la compra f\u00edsica podr\u00e1n adquirirlas en la taquilla del Teatro Cervantes desde una hora y media antes del inicio del espect\u00e1culo, previsto para las 20:00 horas. <\/p> ","protected":false},"excerpt":{"rendered":"<p>La presidenta de la Junta Local de la AECC, Ana Juan, destaca en Radio Elda que el evento reunir\u00e1 este viernes a 280 bailarines de 19 centros de toda la Comunidad Valenciana <\/p>\n","protected":false},"author":0,"featured_media":29055,"comment_status":"","ping_status":"","sticky":false,"template":"","format":"standard","meta":{"_acf_changed":false,"footnotes":""},"categories":[1],"tags":[],"class_list":["post-29054","post","type-post","status-publish","format-standard","has-post-thumbnail","hentry","category-app-de-ser-elda"],"acf":{"ser_id":"32UHYES5A5FE3E2FNI55XGAAAI","ser_url":"https:\/\/cadenaser.com\/comunitat-valenciana\/2026\/04\/22\/el-teatro-cervantes-de-petrer-epicentro-de-la-danza-con-una-gala-benefica-por-la-lucha-contra-el-cancer-radio-elda\/"},"_links":{"self":[{"href":"https:\/\/serelda.daliisolutions.com\/index.php\/wp-json\/wp\/v2\/posts\/29054","targetHints":{"allow":["GET"]}}],"collection":[{"href":"https:\/\/serelda.daliisolutions.com\/index.php\/wp-json\/wp\/v2\/posts"}],"about":[{"href":"https:\/\/serelda.daliisolutions.com\/index.php\/wp-json\/wp\/v2\/types\/post"}],"replies":[{"embeddable":true,"href":"https:\/\/serelda.daliisolutions.com\/index.php\/wp-json\/wp\/v2\/comments?post=29054"}],"version-history":[{"count":0,"href":"https:\/\/serelda.daliisolutions.com\/index.php\/wp-json\/wp\/v2\/posts\/29054\/revisions"}],"wp:featuredmedia":[{"embeddable":true,"href":"https:\/\/serelda.daliisolutions.com\/index.php\/wp-json\/wp\/v2\/media\/29055"}],"wp:attachment":[{"href":"https:\/\/serelda.daliisolutions.com\/index.php\/wp-json\/wp\/v2\/media?parent=29054"}],"wp:term":[{"taxonomy":"category","embeddable":true,"href":"https:\/\/serelda.daliisolutions.com\/index.php\/wp-json\/wp\/v2\/categories?post=29054"},{"taxonomy":"post_tag","embeddable":true,"href":"https:\/\/serelda.daliisolutions.com\/index.php\/wp-json\/wp\/v2\/tags?post=29054"}],"curies":[{"name":"wp","href":"https:\/\/api.w.org\/{rel}","templated":true}]}}