{"id":29052,"date":"2026-04-25T14:11:24","date_gmt":"2026-04-25T14:11:24","guid":{"rendered":"https:\/\/serelda.daliisolutions.com\/index.php\/2026\/04\/25\/detenido-en-novelda-por-robar-un-desfibrilador-de-una-instalacion-deportiva-e-intentar-venderlo\/"},"modified":"2026-04-25T14:11:24","modified_gmt":"2026-04-25T14:11:24","slug":"detenido-en-novelda-por-robar-un-desfibrilador-de-una-instalacion-deportiva-e-intentar-venderlo","status":"publish","type":"post","link":"https:\/\/serelda.daliisolutions.com\/index.php\/2026\/04\/25\/detenido-en-novelda-por-robar-un-desfibrilador-de-una-instalacion-deportiva-e-intentar-venderlo\/","title":{"rendered":"Detenido en Novelda por robar un desfibrilador de una instalaci\u00f3n deportiva e intentar venderlo"},"content":{"rendered":" <p>La Guardia Civil ha detenido a un hombre de 38 a\u00f1os, vecino de Monforte del Cid, como presunto autor de un delito de robo con fuerza tras sustraer un desfibrilador semiautom\u00e1tico de una instalaci\u00f3n deportiva p\u00fablica de Novelda. La actuaci\u00f3n se ha llevado a cabo con la colaboraci\u00f3n de la Polic\u00eda Local, que previamente hab\u00eda solicitado ayuda ciudadana a trav\u00e9s de redes sociales para identificar al responsable y recuperar el equipo.<\/p>  <p>Los hechos se remontan al pasado 14 de abril, cuando el autor forz\u00f3 la caja que proteg\u00eda el dispositivo en las pistas de patinaje municipales. La investigaci\u00f3n se activ\u00f3 tras la denuncia de la Polic\u00eda Local y avanz\u00f3 r\u00e1pidamente despu\u00e9s de que una empresa del sector sanitario alertara de que un hombre hab\u00eda intentado vender un desfibrilador sin documentaci\u00f3n. Esta informaci\u00f3n permiti\u00f3 identificar al sospechoso y localizar el aparato en su domicilio.<\/p>  <p>El desfibrilador, valorado en 3.000 euros y destinado a atender emergencias como paradas cardiorrespiratorias durante la pr\u00e1ctica deportiva, ha sido devuelto al Ayuntamiento, restableciendo el servicio en la instalaci\u00f3n. El detenido ha quedado en libertad tras la instrucci\u00f3n de diligencias, que han sido remitidas al juzgado de Novelda.<\/p> ","protected":false},"excerpt":{"rendered":"<p>El dispositivo, valorado en 3.000 euros, ya ha sido recuperado y devuelto a su ubicaci\u00f3n original<\/p>\n","protected":false},"author":0,"featured_media":29053,"comment_status":"","ping_status":"","sticky":false,"template":"","format":"standard","meta":{"_acf_changed":false,"footnotes":""},"categories":[1],"tags":[],"class_list":["post-29052","post","type-post","status-publish","format-standard","has-post-thumbnail","hentry","category-app-de-ser-elda"],"acf":{"ser_id":"MMJ64RP2MZDEJFKMLVX4IDIRKM","ser_url":"https:\/\/cadenaser.com\/comunitat-valenciana\/2026\/04\/23\/detenido-en-novelda-por-robar-un-desfibrilador-de-una-instalacion-deportiva-e-intentar-venderlo-radio-elda\/"},"_links":{"self":[{"href":"https:\/\/serelda.daliisolutions.com\/index.php\/wp-json\/wp\/v2\/posts\/29052","targetHints":{"allow":["GET"]}}],"collection":[{"href":"https:\/\/serelda.daliisolutions.com\/index.php\/wp-json\/wp\/v2\/posts"}],"about":[{"href":"https:\/\/serelda.daliisolutions.com\/index.php\/wp-json\/wp\/v2\/types\/post"}],"replies":[{"embeddable":true,"href":"https:\/\/serelda.daliisolutions.com\/index.php\/wp-json\/wp\/v2\/comments?post=29052"}],"version-history":[{"count":0,"href":"https:\/\/serelda.daliisolutions.com\/index.php\/wp-json\/wp\/v2\/posts\/29052\/revisions"}],"wp:featuredmedia":[{"embeddable":true,"href":"https:\/\/serelda.daliisolutions.com\/index.php\/wp-json\/wp\/v2\/media\/29053"}],"wp:attachment":[{"href":"https:\/\/serelda.daliisolutions.com\/index.php\/wp-json\/wp\/v2\/media?parent=29052"}],"wp:term":[{"taxonomy":"category","embeddable":true,"href":"https:\/\/serelda.daliisolutions.com\/index.php\/wp-json\/wp\/v2\/categories?post=29052"},{"taxonomy":"post_tag","embeddable":true,"href":"https:\/\/serelda.daliisolutions.com\/index.php\/wp-json\/wp\/v2\/tags?post=29052"}],"curies":[{"name":"wp","href":"https:\/\/api.w.org\/{rel}","templated":true}]}}