{"id":29050,"date":"2026-04-25T14:11:24","date_gmt":"2026-04-25T14:11:24","guid":{"rendered":"https:\/\/serelda.daliisolutions.com\/index.php\/2026\/04\/25\/elda-y-comarca-tendran-un-fin-de-semana-con-ambiente-fresco-y-algo-inestable\/"},"modified":"2026-04-25T14:11:24","modified_gmt":"2026-04-25T14:11:24","slug":"elda-y-comarca-tendran-un-fin-de-semana-con-ambiente-fresco-y-algo-inestable","status":"publish","type":"post","link":"https:\/\/serelda.daliisolutions.com\/index.php\/2026\/04\/25\/elda-y-comarca-tendran-un-fin-de-semana-con-ambiente-fresco-y-algo-inestable\/","title":{"rendered":"Elda y comarca tendr\u00e1n un fin de semana con ambiente fresco y algo inestable"},"content":{"rendered":" <p>Con la llegada del aire fr\u00edo en altura, la inestabilidad predominar\u00e1 en gran parte del interior peninsular y la formaci\u00f3n de una peque\u00f1a dana hacia el sur, provocar\u00e1 que contin\u00fae la inestabilidad entre hoy y ma\u00f1ana. Fin de semana fresco y algo inestable en nuestra comarca. Las temperaturas m\u00e1ximas se van a quedar rondando los 20c. Viernes muy nuboso con probabilidad de precipitaciones algo sucias, ya que queda algo de calima. Vientos del norte variables, ambiente fresco que se mantendr\u00e1 durante el fin de semana. El s\u00e1bado se pueden producir precipitaciones irregulares en otro d\u00eda nuboso y fresco. El domingo mejora algo la situaci\u00f3n, bajan las m\u00ednimas, pero suben las m\u00e1ximas, d\u00eda marcado por intervalos de nubosidad y vientos variables.<\/p> ","protected":false},"excerpt":{"rendered":"<p>La semana pr\u00f3xima la iniciaremos con tiempo estable y con ascenso de temperaturas<\/p>\n","protected":false},"author":0,"featured_media":29051,"comment_status":"","ping_status":"","sticky":false,"template":"","format":"standard","meta":{"_acf_changed":false,"footnotes":""},"categories":[1],"tags":[],"class_list":["post-29050","post","type-post","status-publish","format-standard","has-post-thumbnail","hentry","category-app-de-ser-elda"],"acf":{"ser_id":"EUKDSMHA7RDU5OFHYEDMIGDBNI","ser_url":"https:\/\/cadenaser.com\/comunitat-valenciana\/2026\/04\/24\/elda-y-comarca-tendran-un-fin-de-semana-con-ambiente-fresco-y-algo-inestable-radio-elda\/"},"_links":{"self":[{"href":"https:\/\/serelda.daliisolutions.com\/index.php\/wp-json\/wp\/v2\/posts\/29050","targetHints":{"allow":["GET"]}}],"collection":[{"href":"https:\/\/serelda.daliisolutions.com\/index.php\/wp-json\/wp\/v2\/posts"}],"about":[{"href":"https:\/\/serelda.daliisolutions.com\/index.php\/wp-json\/wp\/v2\/types\/post"}],"replies":[{"embeddable":true,"href":"https:\/\/serelda.daliisolutions.com\/index.php\/wp-json\/wp\/v2\/comments?post=29050"}],"version-history":[{"count":0,"href":"https:\/\/serelda.daliisolutions.com\/index.php\/wp-json\/wp\/v2\/posts\/29050\/revisions"}],"wp:featuredmedia":[{"embeddable":true,"href":"https:\/\/serelda.daliisolutions.com\/index.php\/wp-json\/wp\/v2\/media\/29051"}],"wp:attachment":[{"href":"https:\/\/serelda.daliisolutions.com\/index.php\/wp-json\/wp\/v2\/media?parent=29050"}],"wp:term":[{"taxonomy":"category","embeddable":true,"href":"https:\/\/serelda.daliisolutions.com\/index.php\/wp-json\/wp\/v2\/categories?post=29050"},{"taxonomy":"post_tag","embeddable":true,"href":"https:\/\/serelda.daliisolutions.com\/index.php\/wp-json\/wp\/v2\/tags?post=29050"}],"curies":[{"name":"wp","href":"https:\/\/api.w.org\/{rel}","templated":true}]}}