{"id":29048,"date":"2026-04-25T14:11:23","date_gmt":"2026-04-25T14:11:23","guid":{"rendered":"https:\/\/serelda.daliisolutions.com\/index.php\/2026\/04\/25\/aplazado-a-septiembre-el-juicio-por-el-conductor-que-intento-atropellar-a-dos-personas-en-petrer\/"},"modified":"2026-04-25T14:11:23","modified_gmt":"2026-04-25T14:11:23","slug":"aplazado-a-septiembre-el-juicio-por-el-conductor-que-intento-atropellar-a-dos-personas-en-petrer","status":"publish","type":"post","link":"https:\/\/serelda.daliisolutions.com\/index.php\/2026\/04\/25\/aplazado-a-septiembre-el-juicio-por-el-conductor-que-intento-atropellar-a-dos-personas-en-petrer\/","title":{"rendered":"Aplazado a septiembre el juicio por el conductor que intent\u00f3 atropellar a dos personas en Petrer"},"content":{"rendered":" <p>El juicio contra el hombre acusado de intentar atropellar a dos personas en Petrer en 2023 ha sido aplazado hasta el pr\u00f3ximo mes de septiembre. La vista, prevista para este jueves en la Secci\u00f3n Segunda de la Audiencia de Alicante, no pudo celebrarse despu\u00e9s de que la nueva abogada de oficio designada confirmara que no hab\u00eda logrado comunicarse con el procesado, seg\u00fan ha informado EFE.<\/p>  <p>Los hechos se remontan a agosto de 2023, cuando el acusado, al volante de un veh\u00edculo, habr\u00eda iniciado una persecuci\u00f3n contra dos peatones por las calles del municipio. <\/p>  <p>Seg\u00fan la Fiscal\u00eda, realiz\u00f3 maniobras peligrosas, incluida la circulaci\u00f3n en sentido contrario, con la presunta intenci\u00f3n de arrollarlos, obligando a las v\u00edctimas a esquivar el coche para evitar ser alcanzadas.<\/p>  <p>Durante la persecuci\u00f3n, el procesado colision\u00f3 contra contenedores y varios veh\u00edculos estacionados. En el interior del coche viajaba su hija, de un a\u00f1o y nueve meses, en brazos de su abuela y sin sistemas de retenci\u00f3n, lo que le provoc\u00f3 lesiones en una rodilla. La Fiscal\u00eda solicita para el acusado 16 a\u00f1os de prisi\u00f3n por dos delitos de homicidio en grado de tentativa, adem\u00e1s de lesiones, da\u00f1os y conducci\u00f3n temeraria.<\/p> ","protected":false},"excerpt":{"rendered":"<p>La Audiencia de Alicante pospone la vista oral tras no poder contactar la nueva defensa con el acusado, para quien se solicitan 16 a\u00f1os de prisi\u00f3n<\/p>\n","protected":false},"author":0,"featured_media":29049,"comment_status":"","ping_status":"","sticky":false,"template":"","format":"standard","meta":{"_acf_changed":false,"footnotes":""},"categories":[1],"tags":[],"class_list":["post-29048","post","type-post","status-publish","format-standard","has-post-thumbnail","hentry","category-app-de-ser-elda"],"acf":{"ser_id":"FPMIPZF5HNG5ZIVGPQ6ZJGSDW4","ser_url":"https:\/\/cadenaser.com\/comunitat-valenciana\/2026\/04\/24\/aplazado-a-septiembre-el-juicio-por-el-conductor-que-intento-atropellar-a-dos-personas-en-petrer-radio-elda\/"},"_links":{"self":[{"href":"https:\/\/serelda.daliisolutions.com\/index.php\/wp-json\/wp\/v2\/posts\/29048","targetHints":{"allow":["GET"]}}],"collection":[{"href":"https:\/\/serelda.daliisolutions.com\/index.php\/wp-json\/wp\/v2\/posts"}],"about":[{"href":"https:\/\/serelda.daliisolutions.com\/index.php\/wp-json\/wp\/v2\/types\/post"}],"replies":[{"embeddable":true,"href":"https:\/\/serelda.daliisolutions.com\/index.php\/wp-json\/wp\/v2\/comments?post=29048"}],"version-history":[{"count":0,"href":"https:\/\/serelda.daliisolutions.com\/index.php\/wp-json\/wp\/v2\/posts\/29048\/revisions"}],"wp:featuredmedia":[{"embeddable":true,"href":"https:\/\/serelda.daliisolutions.com\/index.php\/wp-json\/wp\/v2\/media\/29049"}],"wp:attachment":[{"href":"https:\/\/serelda.daliisolutions.com\/index.php\/wp-json\/wp\/v2\/media?parent=29048"}],"wp:term":[{"taxonomy":"category","embeddable":true,"href":"https:\/\/serelda.daliisolutions.com\/index.php\/wp-json\/wp\/v2\/categories?post=29048"},{"taxonomy":"post_tag","embeddable":true,"href":"https:\/\/serelda.daliisolutions.com\/index.php\/wp-json\/wp\/v2\/tags?post=29048"}],"curies":[{"name":"wp","href":"https:\/\/api.w.org\/{rel}","templated":true}]}}