{"id":29046,"date":"2026-04-25T14:11:22","date_gmt":"2026-04-25T14:11:22","guid":{"rendered":"https:\/\/serelda.daliisolutions.com\/index.php\/2026\/04\/25\/elda-aprueba-la-mocion-del-pp-para-mejorar-la-accesibilidad-en-la-zona-de-bajas-emisiones\/"},"modified":"2026-04-25T14:11:22","modified_gmt":"2026-04-25T14:11:22","slug":"elda-aprueba-la-mocion-del-pp-para-mejorar-la-accesibilidad-en-la-zona-de-bajas-emisiones","status":"publish","type":"post","link":"https:\/\/serelda.daliisolutions.com\/index.php\/2026\/04\/25\/elda-aprueba-la-mocion-del-pp-para-mejorar-la-accesibilidad-en-la-zona-de-bajas-emisiones\/","title":{"rendered":"Elda aprueba la moci\u00f3n del PP para mejorar la accesibilidad en la Zona de Bajas Emisiones"},"content":{"rendered":" <p>El pleno del Ayuntamiento de Elda ha aprobado este viernes la moci\u00f3n presentada por el Partido Popular para mejorar la accesibilidad y la movilidad en la Zona de Bajas Emisiones (ZBE) y \u00e1reas peatonalizadas. La iniciativa sali\u00f3 adelante por mayor\u00eda tras incorporar una enmienda del PSOE, mientras que Vox vot\u00f3 en contra.<\/p>  <p>Durante el debate, la portavoz de Vox, Paqui Vicente, critic\u00f3 tanto al PP como al equipo de gobierno por considerarles \u201ccorresponsables\u201d de las restricciones a la movilidad derivadas de las ZBE y defendi\u00f3 su eliminaci\u00f3n. La edil enmarc\u00f3 estas pol\u00edticas en una \u201cagenda ideol\u00f3gica\u201d y rechaz\u00f3 apoyar la moci\u00f3n al entender que supone \u201cblanquear\u201d una medida que su grupo no comparte. <\/p>  <p>Por su parte, la concejala de Movilidad Urbana, Silvia Ib\u00e1\u00f1ez, defendi\u00f3 que el Ayuntamiento trabaja en la ordenaci\u00f3n del tr\u00e1fico conforme a criterios de inter\u00e9s general, sostenibilidad ambiental y accesibilidad, con medidas espec\u00edficas para residentes, personas con movilidad reducida y servicios p\u00fablicos.<\/p>  <p>En este sentido, Ib\u00e1\u00f1ez explic\u00f3 que el Ayuntamiento trabaja en la implantaci\u00f3n de sistemas de control de accesos en la ZBE, con autorizaciones para residentes, servicios y colectivos vulnerables, y en el desarrollo del Plan de Movilidad Urbana Sostenible. <\/p>  <p>Por ello, el equipo de gobierno plante\u00f3 una enmienda para modificar uno de los puntos de la moci\u00f3n, proponiendo concretamente evaluar medidas de acceso controlado mediante autorizaciones para residentes, personas con movilidad reducida y servicios p\u00fablicos. Esta modificaci\u00f3n fue aceptada e incorporada al texto antes de su aprobaci\u00f3n definitiva por el pleno.<\/p> ","protected":false},"excerpt":{"rendered":"<p>La propuesta sale adelante por mayor\u00eda con una enmienda del PSOE y el voto en contra de Vox<\/p>\n","protected":false},"author":0,"featured_media":29047,"comment_status":"","ping_status":"","sticky":false,"template":"","format":"standard","meta":{"_acf_changed":false,"footnotes":""},"categories":[1],"tags":[],"class_list":["post-29046","post","type-post","status-publish","format-standard","has-post-thumbnail","hentry","category-app-de-ser-elda"],"acf":{"ser_id":"B5BSHMRIG5GVZCAHYJ77BJ5GEU","ser_url":"https:\/\/cadenaser.com\/comunitat-valenciana\/2026\/04\/24\/elda-aprueba-la-mocion-del-pp-para-mejorar-la-accesibilidad-en-la-zona-de-bajas-emisiones-radio-elda\/"},"_links":{"self":[{"href":"https:\/\/serelda.daliisolutions.com\/index.php\/wp-json\/wp\/v2\/posts\/29046","targetHints":{"allow":["GET"]}}],"collection":[{"href":"https:\/\/serelda.daliisolutions.com\/index.php\/wp-json\/wp\/v2\/posts"}],"about":[{"href":"https:\/\/serelda.daliisolutions.com\/index.php\/wp-json\/wp\/v2\/types\/post"}],"replies":[{"embeddable":true,"href":"https:\/\/serelda.daliisolutions.com\/index.php\/wp-json\/wp\/v2\/comments?post=29046"}],"version-history":[{"count":0,"href":"https:\/\/serelda.daliisolutions.com\/index.php\/wp-json\/wp\/v2\/posts\/29046\/revisions"}],"wp:featuredmedia":[{"embeddable":true,"href":"https:\/\/serelda.daliisolutions.com\/index.php\/wp-json\/wp\/v2\/media\/29047"}],"wp:attachment":[{"href":"https:\/\/serelda.daliisolutions.com\/index.php\/wp-json\/wp\/v2\/media?parent=29046"}],"wp:term":[{"taxonomy":"category","embeddable":true,"href":"https:\/\/serelda.daliisolutions.com\/index.php\/wp-json\/wp\/v2\/categories?post=29046"},{"taxonomy":"post_tag","embeddable":true,"href":"https:\/\/serelda.daliisolutions.com\/index.php\/wp-json\/wp\/v2\/tags?post=29046"}],"curies":[{"name":"wp","href":"https:\/\/api.w.org\/{rel}","templated":true}]}}