{"id":29040,"date":"2026-04-25T14:11:21","date_gmt":"2026-04-25T14:11:21","guid":{"rendered":"https:\/\/serelda.daliisolutions.com\/index.php\/2026\/04\/25\/la-fiesta-de-la-primavera-y-el-street-food-market-arrancan-en-elda-con-musica-y-gastronomia-en-la-plaza-castelar\/"},"modified":"2026-04-25T14:11:21","modified_gmt":"2026-04-25T14:11:21","slug":"la-fiesta-de-la-primavera-y-el-street-food-market-arrancan-en-elda-con-musica-y-gastronomia-en-la-plaza-castelar","status":"publish","type":"post","link":"https:\/\/serelda.daliisolutions.com\/index.php\/2026\/04\/25\/la-fiesta-de-la-primavera-y-el-street-food-market-arrancan-en-elda-con-musica-y-gastronomia-en-la-plaza-castelar\/","title":{"rendered":"La Fiesta de la Primavera y el Street Food Market arrancan en Elda con m\u00fasica y gastronom\u00eda en la plaza Castelar"},"content":{"rendered":" <p>La plaza Castelar de Elda est\u00e1 acogiendo desde la tarde del viernes una nueva edici\u00f3n de la Fiesta de la Primavera y el Street Food Market, una propuesta impulsada por el Ayuntamiento que combina m\u00fasica en directo, ocio familiar y gastronom\u00eda internacional. La lluvia ca\u00edda durante la jornada inaugural no impidi\u00f3 el desarrollo de las primeras actividades, que incluyeron el espect\u00e1culo del Payaso Edy y la actuaci\u00f3n de Grison Beatbox, uno de los platos fuertes del fin de semana.<\/p>  <p>Tras el arranque, la programaci\u00f3n contin\u00faa este s\u00e1bado con actividades desde el mediod\u00eda. A las 12.30 horas est\u00e1 previsto el cuentacuentos con Cuentina, seguido del directo de D\u00edas de Radio a las 13.30 horas. Por la noche, la m\u00fasica volver\u00e1 a ser protagonista con el concierto de Guaran\u00e1 en formato el\u00e9ctrico a las 21.00 horas y la sesi\u00f3n de An\u00edbal G\u00f3mez DJ a partir de las 22.30 horas.<\/p>  <img src='https:\/\/cloudfront-eu-central-1.images.arcpublishing.com\/prisaradio\/QAJR6NUNMFGY5NE2YUVCYIWZBE.jpg' alt='Los eldenses ya pueden disfrutar de diez \"food trucks\" instalados en la plaza Castelar' \/>  <p>El evento se cerrar\u00e1 el domingo con nuevas propuestas familiares y musicales, entre ellas el cuentacuentos de Alex Morera a las 12.30 horas y la actuaci\u00f3n de Keeng, tributo a Queen, a las 13.30 horas. Durante todo el fin de semana, los asistentes podr\u00e1n recorrer los diez \u00abfood trucks\u00bb instalados en la plaza, as\u00ed como un mercado de dise\u00f1o con quince puestos, en un ambiente pensado para todos los p\u00fablicos.<\/p>  <img src='https:\/\/cloudfront-eu-central-1.images.arcpublishing.com\/prisaradio\/7SMFZ3JSKREYZPNDU7HZ27WZZI.jpg' alt='' \/> ","protected":false},"excerpt":{"rendered":"<p>El evento, inaugurado este viernes, contin\u00faa durante todo el fin de semana con conciertos, actividades infantiles y una amplia oferta culinaria<\/p>\n","protected":false},"author":0,"featured_media":29041,"comment_status":"","ping_status":"","sticky":false,"template":"","format":"standard","meta":{"_acf_changed":false,"footnotes":""},"categories":[1],"tags":[],"class_list":["post-29040","post","type-post","status-publish","format-standard","has-post-thumbnail","hentry","category-app-de-ser-elda"],"acf":{"ser_id":"T23TPIFP2RGGPMNA6XOUNNO2IU","ser_url":"https:\/\/cadenaser.com\/comunitat-valenciana\/2026\/04\/25\/la-fiesta-de-la-primavera-y-el-street-food-market-arrancan-en-elda-con-musica-y-gastronomia-en-la-plaza-castelar-radio-elda\/"},"_links":{"self":[{"href":"https:\/\/serelda.daliisolutions.com\/index.php\/wp-json\/wp\/v2\/posts\/29040","targetHints":{"allow":["GET"]}}],"collection":[{"href":"https:\/\/serelda.daliisolutions.com\/index.php\/wp-json\/wp\/v2\/posts"}],"about":[{"href":"https:\/\/serelda.daliisolutions.com\/index.php\/wp-json\/wp\/v2\/types\/post"}],"replies":[{"embeddable":true,"href":"https:\/\/serelda.daliisolutions.com\/index.php\/wp-json\/wp\/v2\/comments?post=29040"}],"version-history":[{"count":0,"href":"https:\/\/serelda.daliisolutions.com\/index.php\/wp-json\/wp\/v2\/posts\/29040\/revisions"}],"wp:featuredmedia":[{"embeddable":true,"href":"https:\/\/serelda.daliisolutions.com\/index.php\/wp-json\/wp\/v2\/media\/29041"}],"wp:attachment":[{"href":"https:\/\/serelda.daliisolutions.com\/index.php\/wp-json\/wp\/v2\/media?parent=29040"}],"wp:term":[{"taxonomy":"category","embeddable":true,"href":"https:\/\/serelda.daliisolutions.com\/index.php\/wp-json\/wp\/v2\/categories?post=29040"},{"taxonomy":"post_tag","embeddable":true,"href":"https:\/\/serelda.daliisolutions.com\/index.php\/wp-json\/wp\/v2\/tags?post=29040"}],"curies":[{"name":"wp","href":"https:\/\/api.w.org\/{rel}","templated":true}]}}