{"id":23,"date":"2023-11-28T16:57:01","date_gmt":"2023-11-28T16:57:01","guid":{"rendered":"https:\/\/serelda.daliisolutions.com\/index.php\/2023\/11\/28\/isabel-miralles-concejala-de-urbanismo-de-novelda-queremos-convertir-esta-ciudad-en-un-sitio-donde-vivir-e-invertir\/"},"modified":"2023-11-28T16:57:01","modified_gmt":"2023-11-28T16:57:01","slug":"isabel-miralles-concejala-de-urbanismo-de-novelda-queremos-convertir-esta-ciudad-en-un-sitio-donde-vivir-e-invertir","status":"publish","type":"post","link":"https:\/\/serelda.daliisolutions.com\/index.php\/2023\/11\/28\/isabel-miralles-concejala-de-urbanismo-de-novelda-queremos-convertir-esta-ciudad-en-un-sitio-donde-vivir-e-invertir\/","title":{"rendered":"Isabel Miralles, concejala de Urbanismo de Novelda: &quot;Queremos convertir esta ciudad en un sitio d\u00f3nde vivir e invertir&quot;"},"content":{"rendered":" Elda  <a href=\"http:\/\/novelda.es\/\" rel=\"nofollow noopener\" target=\"_blank\"><b>Novelda <\/b><\/a>se encuentra inmersa en un claro proceso de renovaci\u00f3n en estos momentos. Ya se han completado la peatonalizaci\u00f3n del centro urbano y la mejora del pol\u00edgono Santa Fe, adem\u00e1s de que se han mejorado la accesibilidad del Ayuntamiento, las condiciones del front\u00f3n polideportivo y se ha atenuado la isla de calor.  Isabel Miralles, concejala de Urbanismo de Novelda, ha declarado en La Ventana del Vinalop\u00f3 que todas estas obras, mas las que est\u00e1n en cartera, son fruto de \u00ablas ganas de convertir esta ciudad en un sitio d\u00f3nde todos quieran vivir e invertir\u00bb. Y ha a\u00f1adido que \u00abtratamos de crear una ciudad sostenible y accesible; la ciudad que todos queremos\u00bb.  En los presupuestos municipales presentados y aprobados en el Ayuntamiento de Novelda, se destinan alrededor de 1.900.000 euros para realizar todas estas actuaciones y seguir poniendo a punto el municipio. Miralles ha recordado que \u00abtodav\u00eda quedan obras como la segunda fase de peatonalizaci\u00f3n del casco hist\u00f3rico o del Museo del Modernismo\u00bb.  De momento, una de las actuaciones m\u00e1s importantes de las que se han acometido es la peatonalizaci\u00f3n del centro de Novelda, d\u00f3nde Miralles ha destacado que \u00abse ha cambiado toda la red de agua potable, el alcantarillado, la red de alumbrado, la se\u00f1alizaci\u00f3n de tr\u00e1fico horizontal y vertical, y sobre todo, la pavimentaci\u00f3n\u00bb.  <div><div id=\"player-1700851602434\" class=\"c-pl-a pl-n\"><button class=\"bt-pp\" data-audioid=\"1700851602434\" data-type=\"aod\" data-description=\"La edil del Ayuntamiento de Novelda desgrana las actuaciones que se van a realizar y se han realizado desde la concejal\u00eda de Urbanismo\">Play\/Pause<\/button><div class=\"opc\"><p class=\"tit\"><span>Isabel Miralles, concejala de Urbanismo de Novelda, sobre las obras que se realizan en el municipio<\/span><\/p><p class=\"tim\">08:17<\/p><button class=\"bt-op\">Mostrar Opciones<\/button><span class=\"pl-pr\"><\/span><\/div><div class=\"c-op\"><button>Cerrar<\/button><div><ul><li><a href=\"https:\/\/prisa-es.mc.tritondigital.com\/RADIO_ELDA_CADENASER_718_P\/media\/playser\/multimedia\/202311\/24\/1700851602434_1700851633_audio_128.mp3?dist=cadenaser-web-tfp-permanente&amp;csegid=22000&amp;dl=1\" class=\"bt-dw\">Descargar<\/a><\/li><li><button class=\"bt-sh\">Compartir<\/button><\/li><\/ul><\/div><\/div><div class=\"c-sh\"><button>Cerrar<\/button><div><p>Compartir<\/p><ul><li><button class=\"bt-fa\" data-ssnn=\"facebook\" data-url=\"https:\/\/cadenaser.com\/comunitat-valenciana\/2023\/11\/24\/isabel-miralles-concejala-de-urbanismo-de-novelda-queremos-convertir-esta-ciudad-en-un-sitio-donde-vivir-e-invertir-radio-elda\/\" data-title=\"Isabel Miralles, concejala de Urbanismo de Novelda, sobre las obras que se realizan en el municipio\">Facebook<\/button><\/li><li><button class=\"bt-tw\" data-ssnn=\"twitter\" data-url=\"https:\/\/cadenaser.com\/comunitat-valenciana\/2023\/11\/24\/isabel-miralles-concejala-de-urbanismo-de-novelda-queremos-convertir-esta-ciudad-en-un-sitio-donde-vivir-e-invertir-radio-elda\/\" data-title=\"Isabel Miralles, concejala de Urbanismo de Novelda, sobre las obras que se realizan en el municipio\">Twitter<\/button><\/li><li><button class=\"bt-li\" data-ssnn=\"linkedin\" data-url=\"https:\/\/cadenaser.com\/comunitat-valenciana\/2023\/11\/24\/isabel-miralles-concejala-de-urbanismo-de-novelda-queremos-convertir-esta-ciudad-en-un-sitio-donde-vivir-e-invertir-radio-elda\/\" data-title=\"Isabel Miralles, concejala de Urbanismo de Novelda, sobre las obras que se realizan en el municipio\">Linkedin<\/button><\/li><li><button class=\"bt-wh\" data-ssnn=\"whatsapp\" data-url=\"https:\/\/cadenaser.com\/comunitat-valenciana\/2023\/11\/24\/isabel-miralles-concejala-de-urbanismo-de-novelda-queremos-convertir-esta-ciudad-en-un-sitio-donde-vivir-e-invertir-radio-elda\/\" data-title=\"Isabel Miralles, concejala de Urbanismo de Novelda, sobre las obras que se realizan en el municipio\">Whatsapp<\/button><\/li><li><button class=\"bt-em\">Embeber<\/button><\/li><\/ul><\/div><div><p>El c\u00f3digo iframe se ha copiado en el portapapeles<\/p><p class=\"emb\">&lt;iframe src=&quot;https:\/\/cadenaser.com\/embed\/audio\/460\/1700851602434\/&quot; width=&quot;100%&quot; height=&quot;360&quot; frameborder=&quot;0&quot; allowfullscreen&gt;&lt;\/iframe&gt;<\/p><\/div><\/div><\/div><\/div> ","protected":false},"excerpt":{"rendered":"<p>Miralles asegura que desde el Ayuntamiento se trabaja para &quot;crear una ciudad sostenible y accesible; la ciudad que todos queremos&quot;<\/p>\n","protected":false},"author":0,"featured_media":24,"comment_status":"open","ping_status":"open","sticky":false,"template":"","format":"standard","meta":{"_acf_changed":false,"footnotes":""},"categories":[1],"tags":[],"class_list":["post-23","post","type-post","status-publish","format-standard","has-post-thumbnail","hentry","category-app-de-ser-elda"],"acf":{"ser_id":"VJTJ67UM6ZBG7AQVTI2NEIUV64","ser_url":""},"_links":{"self":[{"href":"https:\/\/serelda.daliisolutions.com\/index.php\/wp-json\/wp\/v2\/posts\/23","targetHints":{"allow":["GET"]}}],"collection":[{"href":"https:\/\/serelda.daliisolutions.com\/index.php\/wp-json\/wp\/v2\/posts"}],"about":[{"href":"https:\/\/serelda.daliisolutions.com\/index.php\/wp-json\/wp\/v2\/types\/post"}],"replies":[{"embeddable":true,"href":"https:\/\/serelda.daliisolutions.com\/index.php\/wp-json\/wp\/v2\/comments?post=23"}],"version-history":[{"count":0,"href":"https:\/\/serelda.daliisolutions.com\/index.php\/wp-json\/wp\/v2\/posts\/23\/revisions"}],"wp:featuredmedia":[{"embeddable":true,"href":"https:\/\/serelda.daliisolutions.com\/index.php\/wp-json\/wp\/v2\/media\/24"}],"wp:attachment":[{"href":"https:\/\/serelda.daliisolutions.com\/index.php\/wp-json\/wp\/v2\/media?parent=23"}],"wp:term":[{"taxonomy":"category","embeddable":true,"href":"https:\/\/serelda.daliisolutions.com\/index.php\/wp-json\/wp\/v2\/categories?post=23"},{"taxonomy":"post_tag","embeddable":true,"href":"https:\/\/serelda.daliisolutions.com\/index.php\/wp-json\/wp\/v2\/tags?post=23"}],"curies":[{"name":"wp","href":"https:\/\/api.w.org\/{rel}","templated":true}]}}