{"id":19,"date":"2023-11-28T16:56:58","date_gmt":"2023-11-28T16:56:58","guid":{"rendered":"https:\/\/serelda.daliisolutions.com\/index.php\/2023\/11\/28\/elda-solicitara-a-adif-la-cesion-de-las-instalaciones-de-la-estacion-de-tren-para-su-conservacion\/"},"modified":"2023-11-28T16:56:58","modified_gmt":"2023-11-28T16:56:58","slug":"elda-solicitara-a-adif-la-cesion-de-las-instalaciones-de-la-estacion-de-tren-para-su-conservacion","status":"publish","type":"post","link":"https:\/\/serelda.daliisolutions.com\/index.php\/2023\/11\/28\/elda-solicitara-a-adif-la-cesion-de-las-instalaciones-de-la-estacion-de-tren-para-su-conservacion\/","title":{"rendered":"Elda solicitar\u00e1 a ADIF la cesi\u00f3n de las instalaciones de la estaci\u00f3n de tren para su conservaci\u00f3n"},"content":{"rendered":" Elda  Se ha aprobado en el Pleno Ordinario correspondiente al mes de noviembre del <a href=\"https:\/\/www.elda.es\/\" rel=\"nofollow noopener\" target=\"_blank\"><b>Ayuntamiento de Elda<\/b><\/a> solicitar a <a href=\"https:\/\/www.adif.es\/inicio#:~:text=Administrador%20de%20infraestructuras%20ferroviarias.\" target=\"_blank\" rel=\"noopener\"><b>ADIF <\/b><\/a>(Administrador de infraestructuras ferroviarias)<b> <\/b>que ceda las instalaciones de la estaci\u00f3n Elda-Petrer al Consistorio. Con ello se pretende mejorar su mantenimiento, su cuidado y su uso; y es que, no hay que olvidar que la estaci\u00f3n fue declarada bien de relevancia local.  El <a href=\"https:\/\/www.ppelda.es\/\" rel=\"nofollow noopener\" target=\"_blank\"><b>Partido Popular de Elda<\/b><\/a>, grupo que ha propuesto la moci\u00f3n, ha argumentado que, aunque la estaci\u00f3n ha experimentado un descenso de viajeros de larga distancia, ha aumentado el tr\u00e1nsito de viajeros de cercan\u00edas o media distancia. No obstante, falta mantenimiento y se est\u00e1 deteriorando, por lo que se debe interceder ante ADIF para su conservaci\u00f3n.   <div><div id=\"player-1701092390389\" class=\"c-pl-a pl-n\"><button class=\"bt-pp\" data-audioid=\"1701092390389\" data-type=\"aod\" data-description=\"La edil del PP en Elda explica que, si se realizan a tiempo, todav\u00eda se pueden llevar a cabo actuaciones que conserven correctamente la estaci\u00f3n de tren Elda-Petrer\">Play\/Pause<\/button><div class=\"opc\"><p class=\"tit\"><span>Mar\u00eda Jes\u00fas Garc\u00eda, concejala del PP en Elda, sobre el estado de la estaci\u00f3n Elda &#8211; Petrer<\/span><\/p><p class=\"tim\">00:28<\/p><button class=\"bt-op\">Mostrar Opciones<\/button><span class=\"pl-pr\"><\/span><\/div><div class=\"c-op\"><button>Cerrar<\/button><div><ul><li><a href=\"https:\/\/prisa-es.mc.tritondigital.com\/RADIO_ELDA_CADENASER_718_P\/media\/playser\/multimedia\/202311\/27\/1701092390389_1701092407_audio_128.mp3?dist=cadenaser-web-tfp-permanente&amp;csegid=22000&amp;dl=1\" class=\"bt-dw\">Descargar<\/a><\/li><li><button class=\"bt-sh\">Compartir<\/button><\/li><\/ul><\/div><\/div><div class=\"c-sh\"><button>Cerrar<\/button><div><p>Compartir<\/p><ul><li><button class=\"bt-fa\" data-ssnn=\"facebook\" data-url=\"https:\/\/cadenaser.com\/comunitat-valenciana\/2023\/11\/27\/elda-solicitara-a-adif-la-cesion-de-las-instalaciones-de-la-estacion-de-tren-para-su-conservacion-radio-elda\/\" data-title=\"Mar\u00eda Jes\u00fas Garc\u00eda, concejala del PP en Elda, sobre el estado de la estaci\u00f3n Elda - Petrer\">Facebook<\/button><\/li><li><button class=\"bt-tw\" data-ssnn=\"twitter\" data-url=\"https:\/\/cadenaser.com\/comunitat-valenciana\/2023\/11\/27\/elda-solicitara-a-adif-la-cesion-de-las-instalaciones-de-la-estacion-de-tren-para-su-conservacion-radio-elda\/\" data-title=\"Mar\u00eda Jes\u00fas Garc\u00eda, concejala del PP en Elda, sobre el estado de la estaci\u00f3n Elda - Petrer\">Twitter<\/button><\/li><li><button class=\"bt-li\" data-ssnn=\"linkedin\" data-url=\"https:\/\/cadenaser.com\/comunitat-valenciana\/2023\/11\/27\/elda-solicitara-a-adif-la-cesion-de-las-instalaciones-de-la-estacion-de-tren-para-su-conservacion-radio-elda\/\" data-title=\"Mar\u00eda Jes\u00fas Garc\u00eda, concejala del PP en Elda, sobre el estado de la estaci\u00f3n Elda - Petrer\">Linkedin<\/button><\/li><li><button class=\"bt-wh\" data-ssnn=\"whatsapp\" data-url=\"https:\/\/cadenaser.com\/comunitat-valenciana\/2023\/11\/27\/elda-solicitara-a-adif-la-cesion-de-las-instalaciones-de-la-estacion-de-tren-para-su-conservacion-radio-elda\/\" data-title=\"Mar\u00eda Jes\u00fas Garc\u00eda, concejala del PP en Elda, sobre el estado de la estaci\u00f3n Elda - Petrer\">Whatsapp<\/button><\/li><li><button class=\"bt-em\">Embeber<\/button><\/li><\/ul><\/div><div><p>El c\u00f3digo iframe se ha copiado en el portapapeles<\/p><p class=\"emb\">&lt;iframe src=&quot;https:\/\/cadenaser.com\/embed\/audio\/460\/1701092390389\/&quot; width=&quot;100%&quot; height=&quot;360&quot; frameborder=&quot;0&quot; allowfullscreen&gt;&lt;\/iframe&gt;<\/p><\/div><\/div><\/div><\/div>  Mar\u00eda Jes\u00fas Garc\u00eda, concejala del PP en Elda, ha lamentado que \u00ablas \u00faltimas lluvias de septiembre, que fueron importantes, est\u00e1 oxidando y estropeando el material\u00bb pero ha a\u00f1adido que \u00abcon un poco de mantenimiento, quiz\u00e1 no llegamos a destruirlo del todo\u00bb, por lo que desde el partido de la oposici\u00f3n se insisti\u00f3 en la posibilidad de mantener en buen estado la estaci\u00f3n.  Por su parte, el concejal de Patrimonio de Elda, I\u00f1aki P\u00e9rez, se ha mostrado de acuerdo en la importancia de abordar este asunto y adem\u00e1s, ha aportado que \u00abal ponernos en contacto con ADIF, se tiene que plantear mejorar la conexi\u00f3n ferroviaria con Alicante y una buena l\u00ednea de cercan\u00edas y media distancia entre las localidades del Vinalop\u00f3\u00bb. La moci\u00f3n se aprob\u00f3 con todos los votos a favor. ","protected":false},"excerpt":{"rendered":"<p>El concejal de Patrimonio de Elda, I\u00f1aki P\u00e9rez, ha a\u00f1adido que se debe plantear mejorar la conexi\u00f3n ferroviaria con Alicante<\/p>\n","protected":false},"author":0,"featured_media":20,"comment_status":"open","ping_status":"open","sticky":false,"template":"","format":"standard","meta":{"_acf_changed":false,"footnotes":""},"categories":[1],"tags":[],"class_list":["post-19","post","type-post","status-publish","format-standard","has-post-thumbnail","hentry","category-app-de-ser-elda"],"acf":{"ser_id":"DOU4QVJRNBDATG64DX7FEGIUXQ","ser_url":""},"_links":{"self":[{"href":"https:\/\/serelda.daliisolutions.com\/index.php\/wp-json\/wp\/v2\/posts\/19","targetHints":{"allow":["GET"]}}],"collection":[{"href":"https:\/\/serelda.daliisolutions.com\/index.php\/wp-json\/wp\/v2\/posts"}],"about":[{"href":"https:\/\/serelda.daliisolutions.com\/index.php\/wp-json\/wp\/v2\/types\/post"}],"replies":[{"embeddable":true,"href":"https:\/\/serelda.daliisolutions.com\/index.php\/wp-json\/wp\/v2\/comments?post=19"}],"version-history":[{"count":0,"href":"https:\/\/serelda.daliisolutions.com\/index.php\/wp-json\/wp\/v2\/posts\/19\/revisions"}],"wp:featuredmedia":[{"embeddable":true,"href":"https:\/\/serelda.daliisolutions.com\/index.php\/wp-json\/wp\/v2\/media\/20"}],"wp:attachment":[{"href":"https:\/\/serelda.daliisolutions.com\/index.php\/wp-json\/wp\/v2\/media?parent=19"}],"wp:term":[{"taxonomy":"category","embeddable":true,"href":"https:\/\/serelda.daliisolutions.com\/index.php\/wp-json\/wp\/v2\/categories?post=19"},{"taxonomy":"post_tag","embeddable":true,"href":"https:\/\/serelda.daliisolutions.com\/index.php\/wp-json\/wp\/v2\/tags?post=19"}],"curies":[{"name":"wp","href":"https:\/\/api.w.org\/{rel}","templated":true}]}}