{"id":17,"date":"2023-11-28T16:56:58","date_gmt":"2023-11-28T16:56:58","guid":{"rendered":"https:\/\/serelda.daliisolutions.com\/index.php\/2023\/11\/28\/fernando-portillo-portavoz-del-psoe-petrer-sobre-la-expulsion-de-vox-de-la-junta-de-gobierno-es-por-sus-insultos-en-la-sede-del-partido\/"},"modified":"2023-11-28T16:56:58","modified_gmt":"2023-11-28T16:56:58","slug":"fernando-portillo-portavoz-del-psoe-petrer-sobre-la-expulsion-de-vox-de-la-junta-de-gobierno-es-por-sus-insultos-en-la-sede-del-partido","status":"publish","type":"post","link":"https:\/\/serelda.daliisolutions.com\/index.php\/2023\/11\/28\/fernando-portillo-portavoz-del-psoe-petrer-sobre-la-expulsion-de-vox-de-la-junta-de-gobierno-es-por-sus-insultos-en-la-sede-del-partido\/","title":{"rendered":"Fernando Portillo, portavoz del PSOE Petrer, sobre la expulsi\u00f3n de Vox de la Junta de Gobierno: &quot;Es por sus insultos en la sede del partido&quot;"},"content":{"rendered":" Elda  El pasado s\u00e1bado 25 de noviembre, la portavoz de <a href=\"https:\/\/www.facebook.com\/VOXPetrel\/?locale=es_ES\" rel=\"nofollow noopener\" target=\"_blank\"><b>Vox en Petrer<\/b><\/a>, Eva Castell\u00f3, denunci\u00f3 tanto su exclusi\u00f3n de la <a href=\"https:\/\/petrer.es\/\" rel=\"nofollow noopener\" target=\"_blank\"><b>Junta de Gobierno Local de Petrer<\/b><\/a> como la retirada del acceso a la documentaci\u00f3n de la misma. No obstante, el portavoz del equipo de Gobierno en Petrer, Fernando Portillo, ha negado \u201crotundamente\u201d en Hoy por Hoy Elda Vinalop\u00f3 que la edil de Vox tenga restricciones para el acceso a la documentaci\u00f3n municipal.  Y adem\u00e1s, ha aclarado que su expulsi\u00f3n de la Junta de Gobierno se debe a los graves insultos recibidos en las manifestaciones realizadas frente a la sede del <a href=\"https:\/\/www.facebook.com\/psoepetrer\/?locale=es_ES\" rel=\"nofollow noopener\" target=\"_blank\"><b>PSOE de Petrer<\/b><\/a>, en las que Castell\u00f3 particip\u00f3 uno de los d\u00edas que se llevaron a cabo. Portillo ha explicado que \u00abno pod\u00eda continuar siendo as\u00ed. Era inaceptable que por las noches se manifestaran en la puerta de nuestra sede, nos profirieran insultos, y al d\u00eda siguiente te presentara en las reuniones como si no pasara nada\u00bb. Y ha a\u00f1adido que \u00abnormalizamos cosas que no son normales\u00bb.  Esas manifestaciones se produjeron en el momento en el que Pedro S\u00e1nchez se convirti\u00f3 en el presidente del Gobierno, y Portillo tambi\u00e9n ha declarado que la concejala de Vox ha traspasado todos los l\u00edmites de la decencia como nunca antes nadie hab\u00eda hecho\u201d y ha se\u00f1alado que \u201casimilar la sede de un partido con un prost\u00edbulo es cuestionar la honorabilidad de las personas que all\u00ed acudimos, tanto por nosotros y nosotras como por nuestros hijos y familias\u201d.  El portavoz del PSOE en Petrer ha lamentado que \u00abVox fue el \u00fanico grupo que no quiso condenar estas acciones y estos insultos\u00bb y ha avanzado que \u00aben el pr\u00f3ximo pleno, que se celebrar\u00e1 el jueves 30 de noviembre, presentaremos una moci\u00f3n para que los grupos se retracten. Pero no s\u00f3lo sobre lo que sucedi\u00f3 en Petrer, sino sobre cualquier tipo de ataque a cualquier sede de cualquier partido\u00bb. ","protected":false},"excerpt":{"rendered":"<p>Portillo ha negado en Hoy por Hoy Elda Vinalop\u00f3 que la edil de Vox tenga restricciones para el acceso a la documentaci\u00f3n municipal<\/p>\n","protected":false},"author":0,"featured_media":18,"comment_status":"open","ping_status":"open","sticky":false,"template":"","format":"standard","meta":{"_acf_changed":false,"footnotes":""},"categories":[1],"tags":[],"class_list":["post-17","post","type-post","status-publish","format-standard","has-post-thumbnail","hentry","category-app-de-ser-elda"],"acf":{"ser_id":"XMIJC5L7AZGZXEC45TP6GHWXJM","ser_url":""},"_links":{"self":[{"href":"https:\/\/serelda.daliisolutions.com\/index.php\/wp-json\/wp\/v2\/posts\/17","targetHints":{"allow":["GET"]}}],"collection":[{"href":"https:\/\/serelda.daliisolutions.com\/index.php\/wp-json\/wp\/v2\/posts"}],"about":[{"href":"https:\/\/serelda.daliisolutions.com\/index.php\/wp-json\/wp\/v2\/types\/post"}],"replies":[{"embeddable":true,"href":"https:\/\/serelda.daliisolutions.com\/index.php\/wp-json\/wp\/v2\/comments?post=17"}],"version-history":[{"count":0,"href":"https:\/\/serelda.daliisolutions.com\/index.php\/wp-json\/wp\/v2\/posts\/17\/revisions"}],"wp:featuredmedia":[{"embeddable":true,"href":"https:\/\/serelda.daliisolutions.com\/index.php\/wp-json\/wp\/v2\/media\/18"}],"wp:attachment":[{"href":"https:\/\/serelda.daliisolutions.com\/index.php\/wp-json\/wp\/v2\/media?parent=17"}],"wp:term":[{"taxonomy":"category","embeddable":true,"href":"https:\/\/serelda.daliisolutions.com\/index.php\/wp-json\/wp\/v2\/categories?post=17"},{"taxonomy":"post_tag","embeddable":true,"href":"https:\/\/serelda.daliisolutions.com\/index.php\/wp-json\/wp\/v2\/tags?post=17"}],"curies":[{"name":"wp","href":"https:\/\/api.w.org\/{rel}","templated":true}]}}