{"id":15,"date":"2023-11-28T16:56:57","date_gmt":"2023-11-28T16:56:57","guid":{"rendered":"https:\/\/serelda.daliisolutions.com\/index.php\/2023\/11\/28\/la-asociacion-de-vecinos-de-la-purisima-de-elda-denuncia-que-el-barrio-esta-discriminado\/"},"modified":"2023-11-28T16:56:57","modified_gmt":"2023-11-28T16:56:57","slug":"la-asociacion-de-vecinos-de-la-purisima-de-elda-denuncia-que-el-barrio-esta-discriminado","status":"publish","type":"post","link":"https:\/\/serelda.daliisolutions.com\/index.php\/2023\/11\/28\/la-asociacion-de-vecinos-de-la-purisima-de-elda-denuncia-que-el-barrio-esta-discriminado\/","title":{"rendered":"La Asociaci\u00f3n de Vecinos de La Pur\u00edsima de Elda denuncia que &quot;el barrio est\u00e1 discriminado&quot;"},"content":{"rendered":" Elda  En el programa Hoy por Hoy Elda Vinalop\u00f3, <a href=\"https:\/\/cadenaser.com\/radio-elda\/\" target=\"_blank\" rel=\"noopener\"><b>Radio Elda Cadena SER<\/b><\/a> se ha desplazado al barrio La Pur\u00edsima, situado en el casco antiguo de <a href=\"\/\/elda.es\" rel=\"nofollow noopener\" target=\"_blank\"><b>Elda<\/b><\/a>. Frente a la ermita de San Ant\u00f3n, junto a una escalinata, se encuentra un muro que tiene muy preocupado a todo el vecindario. Se ubica en una zona en la que pr\u00f3ximamente, el 17 de enero, cuando se celebre la festividad del Patr\u00f3n de los Moros y Cristianos, se prev\u00e9 una gran afluencia de personas.   La ciudadan\u00eda est\u00e1 alertada porque se trata de un muro de m\u00e1s de 100 a\u00f1os, destruido, agrietado y se tiene el miedo de que en cualquier momento se pueda venir abajo. Desde la Asociaci\u00f3n de Vecinos del barrio La Pur\u00edsima, cuentan que la respuesta del Ayuntamiento ante este problema ha sido \u00abel silencio\u00bb. No obstante, aunque este muro sea lo que m\u00e1s llama la atenci\u00f3n, todo el barrio sufre un estado de deterioro.  <figure><img decoding=\"async\" src=\"https:\/\/cadenaser.com\/resizer\/NkTyyOYUiMfSVgYwYOCStaWcHVc=\/650x488\/filters:quality(70)\/cloudfront-eu-central-1.images.arcpublishing.com\/prisaradio\/ABPDCA7PPNDXDNGMM2LDYWGXZA.jpeg\" loading=\"lazy\" width=\"650\" height=\"488\" \/><figcaption class=\"fc\"><p><span>Las calles de La Pur\u00edsima, en Elda, en estado de deterioro<\/span> \/ <span>Cadena SER<\/span><\/p><\/figcaption><\/figure><button>Ampliar<\/button>  Los vecinos se sienten discriminados. Sienten que el barrio se ha hecho mayor y que no se prev\u00e9 que vaya a m\u00e1s. El presidente de la Asociaci\u00f3n de vecinos de La Pur\u00edsima, Jos\u00e9 Miguel Tornero, ha relatado que \u00abno se est\u00e1n haciendo pr\u00e1cticamente obras en el barrio; tenemos los solares llenos los ratas, erizos, culebras, basura&#8230; es lamentable\u00bb.  Preocupa tambi\u00e9n la falta de comercio, que no tiene nada que ver con lo que un d\u00eda fue. Seg\u00fan explica Conchita Maestre, la vicepresidenta de la asociaci\u00f3n, ha contado que \u00abahora quedan cinco o seis comercios, cuando antes hab\u00eda much\u00edsimos m\u00e1s. Sobreviven porque los vecinos seguimos comprando en el barrio, pero es dif\u00edcil\u00bb.  Tornero denuncia que se ha hecho caso omiso al barrio, que se ha discriminado y que falta gente joven. Los que hab\u00eda ya se han ido, y los que buscan un nuevo hogar, no escogen La Pur\u00edsima.<b> <\/b>En definitiva, la preocupaci\u00f3n y el malestar son el pan de cada d\u00eda de los vecinos de este barrio, que tienen que ver c\u00f3mo la que ha sido su casa durante toda su vida tiene un futuro rodeado de incertidumbre. ","protected":false},"excerpt":{"rendered":"<p>La ciudadan\u00eda est\u00e1 alertada por el estado de un muro de m\u00e1s de 100 a\u00f1os que podr\u00eda ceder en cualquier momento<\/p>\n","protected":false},"author":0,"featured_media":16,"comment_status":"open","ping_status":"open","sticky":false,"template":"","format":"standard","meta":{"_acf_changed":false,"footnotes":""},"categories":[1],"tags":[],"class_list":["post-15","post","type-post","status-publish","format-standard","has-post-thumbnail","hentry","category-app-de-ser-elda"],"acf":{"ser_id":"LSOLBNF4DZDPFBRUPF5BNUZJ3Q","ser_url":""},"_links":{"self":[{"href":"https:\/\/serelda.daliisolutions.com\/index.php\/wp-json\/wp\/v2\/posts\/15","targetHints":{"allow":["GET"]}}],"collection":[{"href":"https:\/\/serelda.daliisolutions.com\/index.php\/wp-json\/wp\/v2\/posts"}],"about":[{"href":"https:\/\/serelda.daliisolutions.com\/index.php\/wp-json\/wp\/v2\/types\/post"}],"replies":[{"embeddable":true,"href":"https:\/\/serelda.daliisolutions.com\/index.php\/wp-json\/wp\/v2\/comments?post=15"}],"version-history":[{"count":0,"href":"https:\/\/serelda.daliisolutions.com\/index.php\/wp-json\/wp\/v2\/posts\/15\/revisions"}],"wp:featuredmedia":[{"embeddable":true,"href":"https:\/\/serelda.daliisolutions.com\/index.php\/wp-json\/wp\/v2\/media\/16"}],"wp:attachment":[{"href":"https:\/\/serelda.daliisolutions.com\/index.php\/wp-json\/wp\/v2\/media?parent=15"}],"wp:term":[{"taxonomy":"category","embeddable":true,"href":"https:\/\/serelda.daliisolutions.com\/index.php\/wp-json\/wp\/v2\/categories?post=15"},{"taxonomy":"post_tag","embeddable":true,"href":"https:\/\/serelda.daliisolutions.com\/index.php\/wp-json\/wp\/v2\/tags?post=15"}],"curies":[{"name":"wp","href":"https:\/\/api.w.org\/{rel}","templated":true}]}}