{"id":13,"date":"2023-11-28T16:56:56","date_gmt":"2023-11-28T16:56:56","guid":{"rendered":"https:\/\/serelda.daliisolutions.com\/index.php\/2023\/11\/28\/vuelve-a-elda-el-mercado-navideno-de-la-plaza-de-la-hispanidad-con-la-presencia-de-17-comercios\/"},"modified":"2023-11-28T16:56:56","modified_gmt":"2023-11-28T16:56:56","slug":"vuelve-a-elda-el-mercado-navideno-de-la-plaza-de-la-hispanidad-con-la-presencia-de-17-comercios","status":"publish","type":"post","link":"https:\/\/serelda.daliisolutions.com\/index.php\/2023\/11\/28\/vuelve-a-elda-el-mercado-navideno-de-la-plaza-de-la-hispanidad-con-la-presencia-de-17-comercios\/","title":{"rendered":"Vuelve a Elda el Mercado Navide\u00f1o de la plaza de la Hispanidad con la presencia de 17 comercios"},"content":{"rendered":" Elda  La Navidad cada vez est\u00e1 m\u00e1s cerca y as\u00ed se siente en <a href=\"\/\/elda.es\" rel=\"nofollow noopener\" target=\"_blank\"><b>Elda<\/b><\/a>, ya que este jueves regresa a la ciudad el Mercado Navide\u00f1o de la plaza de la Hispanidad. Hasta el domingo 3 de diciembre, los eldenses podr\u00e1n disfrutar de cuatro d\u00edas en los que podr\u00e1n adquirir todo tipo de productos rodeados de un gran ambiente navide\u00f1o.  Para ello, hasta 17 comercios de todo tipo participar\u00e1n en la plaza de la Hispanidad: la hosteler\u00eda, la moda o los libros estar\u00e1n presentes en estas se\u00f1aladas fechas. Adem\u00e1s, se ha llevado a cabo un gran programa de actividades durante los cuatro d\u00edas para amenizar el recorrido de los asistentes.  <div><div id=\"player-1701166491387\" class=\"c-pl-a pl-n\"><button class=\"bt-pp\" data-audioid=\"1701166491387\" data-type=\"aod\" data-description=\"Durar\u00e1 cuatro d\u00edas: desde el jueves 30 de noviembre hasta el domingo 3 de diciembre\">Play\/Pause<\/button><div class=\"opc\"><p class=\"tit\"><span>Silvia Ib\u00e1\u00f1ez, concejala de Comercio y Mercados de Elda, sobre el Mercado Navide\u00f1o de la plaza de la Hispanidad<\/span><\/p><p class=\"tim\">00:42<\/p><button class=\"bt-op\">Mostrar Opciones<\/button><span class=\"pl-pr\"><\/span><\/div><div class=\"c-op\"><button>Cerrar<\/button><div><ul><li><a href=\"https:\/\/prisa-es.mc.tritondigital.com\/RADIO_ELDA_CADENASER_718_P\/media\/playser\/multimedia\/202311\/28\/1701166491387_1701166542_audio_128.mp3?dist=cadenaser-web-tfp-permanente&amp;csegid=22000&amp;dl=1\" class=\"bt-dw\">Descargar<\/a><\/li><li><button class=\"bt-sh\">Compartir<\/button><\/li><\/ul><\/div><\/div><div class=\"c-sh\"><button>Cerrar<\/button><div><p>Compartir<\/p><ul><li><button class=\"bt-fa\" data-ssnn=\"facebook\" data-url=\"https:\/\/cadenaser.com\/comunitat-valenciana\/2023\/11\/28\/vuelve-a-elda-el-mercado-navideno-de-la-plaza-de-la-hispanidad-con-la-presencia-de-17-comercios-radio-elda\/\" data-title=\"Silvia Ib\u00e1\u00f1ez, concejala de Comercio y Mercados de Elda, sobre el Mercado Navide\u00f1o de la plaza de la Hispanidad\">Facebook<\/button><\/li><li><button class=\"bt-tw\" data-ssnn=\"twitter\" data-url=\"https:\/\/cadenaser.com\/comunitat-valenciana\/2023\/11\/28\/vuelve-a-elda-el-mercado-navideno-de-la-plaza-de-la-hispanidad-con-la-presencia-de-17-comercios-radio-elda\/\" data-title=\"Silvia Ib\u00e1\u00f1ez, concejala de Comercio y Mercados de Elda, sobre el Mercado Navide\u00f1o de la plaza de la Hispanidad\">Twitter<\/button><\/li><li><button class=\"bt-li\" data-ssnn=\"linkedin\" data-url=\"https:\/\/cadenaser.com\/comunitat-valenciana\/2023\/11\/28\/vuelve-a-elda-el-mercado-navideno-de-la-plaza-de-la-hispanidad-con-la-presencia-de-17-comercios-radio-elda\/\" data-title=\"Silvia Ib\u00e1\u00f1ez, concejala de Comercio y Mercados de Elda, sobre el Mercado Navide\u00f1o de la plaza de la Hispanidad\">Linkedin<\/button><\/li><li><button class=\"bt-wh\" data-ssnn=\"whatsapp\" data-url=\"https:\/\/cadenaser.com\/comunitat-valenciana\/2023\/11\/28\/vuelve-a-elda-el-mercado-navideno-de-la-plaza-de-la-hispanidad-con-la-presencia-de-17-comercios-radio-elda\/\" data-title=\"Silvia Ib\u00e1\u00f1ez, concejala de Comercio y Mercados de Elda, sobre el Mercado Navide\u00f1o de la plaza de la Hispanidad\">Whatsapp<\/button><\/li><li><button class=\"bt-em\">Embeber<\/button><\/li><\/ul><\/div><div><p>El c\u00f3digo iframe se ha copiado en el portapapeles<\/p><p class=\"emb\">&lt;iframe src=&quot;https:\/\/cadenaser.com\/embed\/audio\/460\/1701166491387\/&quot; width=&quot;100%&quot; height=&quot;360&quot; frameborder=&quot;0&quot; allowfullscreen&gt;&lt;\/iframe&gt;<\/p><\/div><\/div><\/div><\/div>  Una novedad importante de cara a este 2023 es la presencia de una bola de nieve gigante con un buz\u00f3n de Pap\u00e1 Noel en el que la ciudadan\u00eda podr\u00e1 hacerse fotos durante el \u00faltimo d\u00eda del mercado. La concejala de Comercio y Mercados de Elda, Silvia Ib\u00e1\u00f1ez, ha explicado que \u201ceste a\u00f1o empezamos un d\u00eda antes del encendido de Navidad para darle m\u00e1s d\u00edas a este mercado y respetar que los comerciantes puedan abrir sus negocios durante los d\u00edas de festividad navide\u00f1a\u201d.  Por su parte, la presidenta de la Asociaci\u00f3n de Vecinos de San Francisco, Paqui Mira, ha asegurado que \u201cva a ser cortito, pero intenso; procuraremos que no haya malas vibraciones y que todo sea una fiesta\u201d. Y ha a\u00f1adido que \u201cva a haber photocall, que es algo que tambi\u00e9n le gusta mucho a la gente\u201d. ","protected":false},"excerpt":{"rendered":"<p>Durar\u00e1 cuatro d\u00edas: desde el jueves 30 de noviembre hasta el domingo 3 de diciembre<\/p>\n","protected":false},"author":0,"featured_media":14,"comment_status":"open","ping_status":"open","sticky":false,"template":"","format":"standard","meta":{"_acf_changed":false,"footnotes":""},"categories":[1],"tags":[],"class_list":["post-13","post","type-post","status-publish","format-standard","has-post-thumbnail","hentry","category-app-de-ser-elda"],"acf":{"ser_id":"27QPEICJANATLNURYV4L6ALARM","ser_url":""},"_links":{"self":[{"href":"https:\/\/serelda.daliisolutions.com\/index.php\/wp-json\/wp\/v2\/posts\/13","targetHints":{"allow":["GET"]}}],"collection":[{"href":"https:\/\/serelda.daliisolutions.com\/index.php\/wp-json\/wp\/v2\/posts"}],"about":[{"href":"https:\/\/serelda.daliisolutions.com\/index.php\/wp-json\/wp\/v2\/types\/post"}],"replies":[{"embeddable":true,"href":"https:\/\/serelda.daliisolutions.com\/index.php\/wp-json\/wp\/v2\/comments?post=13"}],"version-history":[{"count":0,"href":"https:\/\/serelda.daliisolutions.com\/index.php\/wp-json\/wp\/v2\/posts\/13\/revisions"}],"wp:featuredmedia":[{"embeddable":true,"href":"https:\/\/serelda.daliisolutions.com\/index.php\/wp-json\/wp\/v2\/media\/14"}],"wp:attachment":[{"href":"https:\/\/serelda.daliisolutions.com\/index.php\/wp-json\/wp\/v2\/media?parent=13"}],"wp:term":[{"taxonomy":"category","embeddable":true,"href":"https:\/\/serelda.daliisolutions.com\/index.php\/wp-json\/wp\/v2\/categories?post=13"},{"taxonomy":"post_tag","embeddable":true,"href":"https:\/\/serelda.daliisolutions.com\/index.php\/wp-json\/wp\/v2\/tags?post=13"}],"curies":[{"name":"wp","href":"https:\/\/api.w.org\/{rel}","templated":true}]}}