{"id":11,"date":"2023-11-28T16:56:56","date_gmt":"2023-11-28T16:56:56","guid":{"rendered":"https:\/\/serelda.daliisolutions.com\/index.php\/2023\/11\/28\/cortan-en-novelda-la-mano-izquierda-de-la-imagen-de-la-santa-de-la-plaza-santa-maria-magdalena\/"},"modified":"2023-11-28T16:56:56","modified_gmt":"2023-11-28T16:56:56","slug":"cortan-en-novelda-la-mano-izquierda-de-la-imagen-de-la-santa-de-la-plaza-santa-maria-magdalena","status":"publish","type":"post","link":"https:\/\/serelda.daliisolutions.com\/index.php\/2023\/11\/28\/cortan-en-novelda-la-mano-izquierda-de-la-imagen-de-la-santa-de-la-plaza-santa-maria-magdalena\/","title":{"rendered":"Cortan en Novelda la mano izquierda de la imagen de la Santa de la plaza Santa Mar\u00eda Magdalena"},"content":{"rendered":" Elda  Un suceso muy desagradable ha tenido lugar en Novelda, d\u00f3nde la imagen de la Santa de la plaza Santa Mar\u00eda Magdalena figura sin su mano izquierda despu\u00e9s de que alguien la haya cortado y hurtado. Seg\u00fan la Polic\u00eda Local de Novelda, se estima que esto ocurri\u00f3 en la madrugada del pasado domingo 26 de noviembre.  El intendente de la Polic\u00eda Local de Novelda, Rafael Sarri\u00f3, ha declarado que \u201cen ese parque hay un quiosco, y fue su due\u00f1o el que se dio cuenta el pasado lunes por la ma\u00f1ana de que faltaba la mano de la Santa\u201d. Adem\u00e1s, ha relatado que \u201chace 20 a\u00f1os sucedi\u00f3 lo mismo; alguien rompi\u00f3 la mano y se la llev\u00f3 a su casa. En ese momento conseguimos identificar al autor de los hechos, se recuper\u00f3 la mano y se arregl\u00f3\u201d.  Sarri\u00f3 ha reclamado que \u201cpedimos que se entregue la mano lo antes posible. Representa a la Patrona de Novelda. Vandalizar por vandalizar no nos parece correcto\u201d. Y ha advertido de que \u201csi la dejan en el quiosco antes de este domingo, no haremos m\u00e1s preguntas. Si de aqu\u00ed al domingo no aparece, se seguir\u00e1 con la investigaci\u00f3n y la persona o personas que hayan hecho esto tendr\u00e1n que asumir las consecuencias\u201d.  <div><div id=\"player-1701176145610\" class=\"c-pl-a pl-n\"><button class=\"bt-pp\" data-audioid=\"1701176145610\" data-type=\"aod\" data-description=\"La Polic\u00eda Local de Novelda estima que los hechos tuvieron lugar durante la madrugada del pasado domingo 26 de noviembre\">Play\/Pause<\/button><div class=\"opc\"><p class=\"tit\"><span>Rafael Sarri\u00f3, intendente de la Polic\u00eda Local de Novelda, sobre la mano cortada de la Santa de la plaza Santa Mar\u00eda Magdalena<\/span><\/p><p class=\"tim\">00:32<\/p><button class=\"bt-op\">Mostrar Opciones<\/button><span class=\"pl-pr\"><\/span><\/div><div class=\"c-op\"><button>Cerrar<\/button><div><ul><li><a href=\"https:\/\/prisa-es.mc.tritondigital.com\/RADIO_ELDA_CADENASER_718_P\/media\/playser\/multimedia\/202311\/28\/1701176145610_1701176192_audio_128.mp3?dist=cadenaser-web-tfp-permanente&amp;csegid=22000&amp;dl=1\" class=\"bt-dw\">Descargar<\/a><\/li><li><button class=\"bt-sh\">Compartir<\/button><\/li><\/ul><\/div><\/div><div class=\"c-sh\"><button>Cerrar<\/button><div><p>Compartir<\/p><ul><li><button class=\"bt-fa\" data-ssnn=\"facebook\" data-url=\"https:\/\/cadenaser.com\/comunitat-valenciana\/2023\/11\/28\/cortan-en-novelda-la-mano-izquierda-de-la-imagen-de-la-santa-de-la-plaza-santa-maria-magdalena-radio-elda\/\" data-title=\"Rafael Sarri\u00f3, intendente de la Polic\u00eda Local de Novelda, sobre la mano cortada de la Santa de la plaza Santa Mar\u00eda Magdalena\">Facebook<\/button><\/li><li><button class=\"bt-tw\" data-ssnn=\"twitter\" data-url=\"https:\/\/cadenaser.com\/comunitat-valenciana\/2023\/11\/28\/cortan-en-novelda-la-mano-izquierda-de-la-imagen-de-la-santa-de-la-plaza-santa-maria-magdalena-radio-elda\/\" data-title=\"Rafael Sarri\u00f3, intendente de la Polic\u00eda Local de Novelda, sobre la mano cortada de la Santa de la plaza Santa Mar\u00eda Magdalena\">Twitter<\/button><\/li><li><button class=\"bt-li\" data-ssnn=\"linkedin\" data-url=\"https:\/\/cadenaser.com\/comunitat-valenciana\/2023\/11\/28\/cortan-en-novelda-la-mano-izquierda-de-la-imagen-de-la-santa-de-la-plaza-santa-maria-magdalena-radio-elda\/\" data-title=\"Rafael Sarri\u00f3, intendente de la Polic\u00eda Local de Novelda, sobre la mano cortada de la Santa de la plaza Santa Mar\u00eda Magdalena\">Linkedin<\/button><\/li><li><button class=\"bt-wh\" data-ssnn=\"whatsapp\" data-url=\"https:\/\/cadenaser.com\/comunitat-valenciana\/2023\/11\/28\/cortan-en-novelda-la-mano-izquierda-de-la-imagen-de-la-santa-de-la-plaza-santa-maria-magdalena-radio-elda\/\" data-title=\"Rafael Sarri\u00f3, intendente de la Polic\u00eda Local de Novelda, sobre la mano cortada de la Santa de la plaza Santa Mar\u00eda Magdalena\">Whatsapp<\/button><\/li><li><button class=\"bt-em\">Embeber<\/button><\/li><\/ul><\/div><div><p>El c\u00f3digo iframe se ha copiado en el portapapeles<\/p><p class=\"emb\">&lt;iframe src=&quot;https:\/\/cadenaser.com\/embed\/audio\/460\/1701176145610\/&quot; width=&quot;100%&quot; height=&quot;360&quot; frameborder=&quot;0&quot; allowfullscreen&gt;&lt;\/iframe&gt;<\/p><\/div><\/div><\/div><\/div>  Adem\u00e1s, ha explicado que \u201clos delincuentes se enfrentar\u00edan a un delito de da\u00f1os y robo con fuerza; eso \u00faltimo va a complicar las cosas\u201d. Tambi\u00e9n ha asegurado que \u201ctengo la esperanza de que como no entreguen esa pieza, tiraremos del hilo y finalmente sabremos qui\u00e9n ha sido\u201d. ","protected":false},"excerpt":{"rendered":"<p>La Polic\u00eda Local de Novelda estima que los hechos tuvieron lugar durante la madrugada del pasado domingo 26 de noviembre<\/p>\n","protected":false},"author":0,"featured_media":12,"comment_status":"open","ping_status":"open","sticky":false,"template":"","format":"standard","meta":{"_acf_changed":false,"footnotes":""},"categories":[1],"tags":[],"class_list":["post-11","post","type-post","status-publish","format-standard","has-post-thumbnail","hentry","category-app-de-ser-elda"],"acf":{"ser_id":"JWCSWB5EPRBC3PVR7ZVBV7HI4E","ser_url":""},"_links":{"self":[{"href":"https:\/\/serelda.daliisolutions.com\/index.php\/wp-json\/wp\/v2\/posts\/11","targetHints":{"allow":["GET"]}}],"collection":[{"href":"https:\/\/serelda.daliisolutions.com\/index.php\/wp-json\/wp\/v2\/posts"}],"about":[{"href":"https:\/\/serelda.daliisolutions.com\/index.php\/wp-json\/wp\/v2\/types\/post"}],"replies":[{"embeddable":true,"href":"https:\/\/serelda.daliisolutions.com\/index.php\/wp-json\/wp\/v2\/comments?post=11"}],"version-history":[{"count":0,"href":"https:\/\/serelda.daliisolutions.com\/index.php\/wp-json\/wp\/v2\/posts\/11\/revisions"}],"wp:featuredmedia":[{"embeddable":true,"href":"https:\/\/serelda.daliisolutions.com\/index.php\/wp-json\/wp\/v2\/media\/12"}],"wp:attachment":[{"href":"https:\/\/serelda.daliisolutions.com\/index.php\/wp-json\/wp\/v2\/media?parent=11"}],"wp:term":[{"taxonomy":"category","embeddable":true,"href":"https:\/\/serelda.daliisolutions.com\/index.php\/wp-json\/wp\/v2\/categories?post=11"},{"taxonomy":"post_tag","embeddable":true,"href":"https:\/\/serelda.daliisolutions.com\/index.php\/wp-json\/wp\/v2\/tags?post=11"}],"curies":[{"name":"wp","href":"https:\/\/api.w.org\/{rel}","templated":true}]}}